{"id":6537,"date":"2022-10-16T18:51:58","date_gmt":"2022-10-16T17:51:58","guid":{"rendered":"https:\/\/deutsch.bashariyat.org\/?p=6537"},"modified":"2022-10-16T18:51:58","modified_gmt":"2022-10-16T17:51:58","slug":"einladung-zur-sitzung-der-norddeutschlandsniederlassung-am-16-okt-2022","status":"publish","type":"post","link":"https:\/\/deutsch.bashariyat.org\/?p=6537","title":{"rendered":"Einladung zur Sitzung der Norddeutschlandsniederlassung am 16.Okt.2022"},"content":{"rendered":"<p><img decoding=\"async\" src=\"https:\/\/deutsch.bashariyat.org\/wp-content\/uploads\/2020\/11\/stempel-einladung-constanze-pro2.jpg\" \/><\/p>\n<p style=\"text-align: center;\">Wir versammeln uns, um mehr \u00fcber unsere grundlegenden und angeborenen Rechte zu erfahren<\/p>\n<p style=\"text-align: center;\">Liebe Menschenrechtler, Experten und Kolleginnen und Kollegen, Sie sind eingeladen, uns bei dieser Rederunde zu begleiten.<\/p>\n<p style=\"text-align: center;\">Vortrag, Fragen und Antworten, Diskussionen und Unterhalten<!--more--><\/p>\n<p><strong>Referenten und das Thema der Vortr\u00e4ge:<\/strong><\/p>\n<p><strong>Seyed Saeed Nourizadeh <\/strong><strong>\u00a0:<\/strong><\/p>\n<p>Bericht und Analyse der Menschenrechteverletzungen im Sep.\/Okt. 2022<\/p>\n<p>&nbsp;<\/p>\n<p><strong>Mehdi Mohammadpour :<\/strong><strong>\u00a0\u00a0\u00a0\u00a0\u00a0\u00a0\u00a0\u00a0\u00a0\u00a0\u00a0\u00a0\u00a0\u00a0\u00a0\u00a0\u00a0\u00a0\u00a0\u00a0\u00a0\u00a0\u00a0\u00a0\u00a0\u00a0\u00a0\u00a0\u00a0\u00a0\u00a0\u00a0\u00a0\u00a0 <\/strong><\/p>\n<p>\u00dcberpr\u00fcfung des nternationalen \u00dcbereinkommen zur Beseitigung jeder Art von Rassendiskriminierung und dessen Vergleich mit der Verfassung der Islamischen Republik im Iran<\/p>\n<p>&nbsp;<\/p>\n<p><strong>Zahra Rahaei <\/strong><strong>:<\/strong><\/p>\n<p>Frau, Leben, Freiheit \/ Mann, Land, Aufbauen<\/p>\n<p><strong>\u00a0<\/strong><\/p>\n<p><strong>Sadegh Farrokhi Qasr-Asami <\/strong><strong>:<\/strong><\/p>\n<p>Der Grund des Unterdr\u00fccken der Demonstranten<\/p>\n<p>&nbsp;<\/p>\n<p><strong>Roghayeh Farzaneh :<\/strong><\/p>\n<p>Die Rechte und Stellung der Frauen im Grundgesetz<\/p>\n<p>Am Ende jedes Abschnitts finden Fragen und Antworten statt<\/p>\n<p><strong>Die \u00f6ffentliche Diskussion<\/strong> <strong>:\u00a0\u00a0\u00a0\u00a0\u00a0\u00a0 <\/strong><\/p>\n<p>Das Recht auf Protestieren (Internationaler Tag der Gewaltlosigkeit)<\/p>\n<p>&nbsp;<\/p>\n<p>Die Planung und die Prognose f\u00fcr die Aktivit\u00e4ten des n\u00e4chsten Monats<\/p>\n<p>&nbsp;<\/p>\n<p><strong>Zeit:<\/strong><strong>\u00a0<\/strong>Sonntag, 16.Okt.2022 um 13:00 Uhr MEZ<\/p>\n<p><strong>Veranstaltungsort<\/strong><strong>:<\/strong><\/p>\n<ol>\n<li>Virtueller Raum (Zoom)<\/li>\n<\/ol>\n<p><a href=\"https:\/\/zoom.us\/j\/8057930858?pwd=OTB2U2xEYkd3UlgxRUY5WG43ZlM5dz09\">https:\/\/zoom.us\/j\/8057930858?pwd=OTB2U2xEYkd3UlgxRUY5WG43ZlM5dz09<\/a><\/p>\n<ol start=\"2\">\n<li>Virtueller Raum (Youtube)<\/li>\n<\/ol>\n<p><a href=\"https:\/\/youtube.com\/channel\/UCjDITs1AOEBapWS2enW92Ug\">https:\/\/youtube.com\/channel\/UCjDITs1AOEBapWS2enW92Ug<\/a><\/p>\n<ol start=\"3\">\n<li>Die Anwendung der VVMIran (direkte \u00dcbertragung vom Fernsehen)<\/li>\n<\/ol>\n<p>&nbsp;<\/p>\n<p>Unsere Kollegen und Aktivisten, die uns bei diesem Treffen helfen:<\/p>\n<p>&nbsp;<\/p>\n<p><strong>Verantwortlich f\u00fcr die Sitzung:<\/strong> Farideh Faraei<\/p>\n<p><strong>Sekret\u00e4r\/in der Sitzung:<\/strong> Abolfazl Rajabpour<\/p>\n<p><strong>Tonaufnahme:<\/strong> Sadra Mujib Yazdani, Farshad Arabi<\/p>\n<p><strong>Admins:<\/strong> Nariman Hosseininejad, Milad Tersezi<\/p>\n<p>&nbsp;<\/p>\n<p>&nbsp;<\/p>\n<p style=\"text-align: center;\"><strong>Vereinigung zur Verteidigung der Menschenrechte im Iran<\/strong><\/p>\n<p style=\"text-align: center;\"><strong>Norddeutschlandsniederlassung<\/strong><\/p>\n<p><strong>\u00a0<\/strong><\/p>\n<p><strong>\u00a0<\/strong><\/p>\n<p>Der \u00dcbersetzer: Mohammadhasan Hasanzadehmehrabadi<\/p>\n","protected":false},"excerpt":{"rendered":"<p>Wir versammeln uns, um mehr \u00fcber unsere grundlegenden und angeborenen Rechte zu erfahren Liebe Menschenrechtler, Experten und Kolleginnen und Kollegen, Sie sind eingeladen, uns bei dieser Rederunde zu begleiten. Vortrag, Fragen und Antworten, Diskussionen und Unterhalten<\/p><p><a class=\"more-link btn\" href=\"https:\/\/deutsch.bashariyat.org\/?p=6537\">Weiterlesen<\/a><\/p>\n","protected":false},"author":2,"featured_media":0,"comment_status":"closed","ping_status":"closed","sticky":false,"template":"","format":"standard","meta":{"footnotes":""},"categories":[1],"tags":[],"class_list":["post-6537","post","type-post","status-publish","format-standard","hentry","category-allgemein","item-wrap"],"_links":{"self":[{"href":"https:\/\/deutsch.bashariyat.org\/index.php?rest_route=\/wp\/v2\/posts\/6537","targetHints":{"allow":["GET"]}}],"collection":[{"href":"https:\/\/deutsch.bashariyat.org\/index.php?rest_route=\/wp\/v2\/posts"}],"about":[{"href":"https:\/\/deutsch.bashariyat.org\/index.php?rest_route=\/wp\/v2\/types\/post"}],"author":[{"embeddable":true,"href":"https:\/\/deutsch.bashariyat.org\/index.php?rest_route=\/wp\/v2\/users\/2"}],"replies":[{"embeddable":true,"href":"https:\/\/deutsch.bashariyat.org\/index.php?rest_route=%2Fwp%2Fv2%2Fcomments&post=6537"}],"version-history":[{"count":1,"href":"https:\/\/deutsch.bashariyat.org\/index.php?rest_route=\/wp\/v2\/posts\/6537\/revisions"}],"predecessor-version":[{"id":6538,"href":"https:\/\/deutsch.bashariyat.org\/index.php?rest_route=\/wp\/v2\/posts\/6537\/revisions\/6538"}],"wp:attachment":[{"href":"https:\/\/deutsch.bashariyat.org\/index.php?rest_route=%2Fwp%2Fv2%2Fmedia&parent=6537"}],"wp:term":[{"taxonomy":"category","embeddable":true,"href":"https:\/\/deutsch.bashariyat.org\/index.php?rest_route=%2Fwp%2Fv2%2Fcategories&post=6537"},{"taxonomy":"post_tag","embeddable":true,"href":"https:\/\/deutsch.bashariyat.org\/index.php?rest_route=%2Fwp%2Fv2%2Ftags&post=6537"}],"curies":[{"name":"wp","href":"https:\/\/api.w.org\/{rel}","templated":true}]}}