{"id":6539,"date":"2022-10-16T18:55:23","date_gmt":"2022-10-16T17:55:23","guid":{"rendered":"https:\/\/deutsch.bashariyat.org\/?p=6539"},"modified":"2022-12-07T18:00:36","modified_gmt":"2022-12-07T17:00:36","slug":"audio-und-videobericht-der-sondersitzung-des-verteidigungsausschuss-der-iranischen-ethnien-und-nationen-am-26-sep-2022","status":"publish","type":"post","link":"https:\/\/deutsch.bashariyat.org\/?p=6539","title":{"rendered":"Audio- und Videobericht der Sondersitzung des Verteidigungsausschuss der iranischen Ethnien und Nationen am 26.Sep 2022"},"content":{"rendered":"<p style=\"text-align: justify;\">Eine Sondersitzung des Verteidigungsausschuss der iranischen Ethnien und Nationen fand am 26.Sep 2022 um 18:00 Uhr mitteleurop\u00e4ischer Zeit in Anwesenheit von Ausschussmitgliedern und einer Gruppe von Menschenrechtsaktivisten und anderen G\u00e4sten \u00fcber den virtuellen Raum von Zoom, YouTube und Kanoon-App unter der Leitung von Reza Shaighan statt. 1) Beginn der Sondersitzung: Reza Shaighan, 2) Gastredner der Sondersitzung, Jahangir Golzar: Das Recht zu protestieren (iranische V\u00f6lker f\u00fcr die Forderung nach Rechten), unter Beteiligung von: Hassan Hamzezadeh, Armin Atashak, Reza Shaygan, Farshad Arabi, Manocheher Shafaie, Mr. Rai und Roza Jahanbin. Kollegen, die uns bei dieser Sitzung geholfen haben. Dies sind: der Moderator: Reza Shaighan, der Sekret\u00e4rin der Sitzung: Leila Abutalebi, der Herausgeber und Mitschnitt des Tons: Mohammadrasool Pourtandorost, Esfandiar Sangri, die Administratoren: Farshad Arabi, Hassan Hamzezadeh. Interessierte k\u00f6nnen die Audioberichte der oben genannten Sitzung \u00fcber die folgenden Audiodateien anh\u00f6ren. Sehen Sie sich auch den Videobericht des Treffens \u00fcber den YouTube-Link an:<\/p>\n<div class=\"embed-container\"><iframe loading=\"lazy\" title=\"\u062c\u0644\u0633\u0647 \u0648\u06cc\u0698\u0647 \u0633\u062e\u0646\u0631\u0627\u0646\u06cc \u06a9\u0645\u06cc\u062a\u0647 \u062f\u0641\u0627\u0639 \u0627\u0632 \u062d\u0642\u0648\u0642 \u0627\u0642\u0648\u0627\u0645 \u0648 \u0645\u0644\u0644 \u0627\u06cc\u0631\u0627\u0646\u06cc\u060c \u06f2\u06f6 \u0633\u067e\u062a\u0627\u0645\u0628\u0631 \u06f2\u06f0\u06f2\u06f2\" width=\"1170\" height=\"658\" src=\"https:\/\/www.youtube.com\/embed\/1KVA2SGCcNE?feature=oembed\" frameborder=\"0\" allow=\"accelerometer; autoplay; clipboard-write; encrypted-media; gyroscope; picture-in-picture; web-share\" referrerpolicy=\"strict-origin-when-cross-origin\" allowfullscreen><\/iframe><\/div>\n<p><strong>Reza Shaighan <\/strong><strong>:<\/strong> Beginn der Sitzung und Einf\u00fchrung<\/p>\n<p><strong>Jahangir Golzar <\/strong><strong>:<\/strong> Das Recht zu protestieren (iranische V\u00f6lker f\u00fcr die Forderung nach Rechten)<\/p>\n<p>&nbsp;<\/p>\n<p>Der \u00dcbersetzer: Mohammadhasan Hasanzadehmehrabadi<\/p>\n","protected":false},"excerpt":{"rendered":"<p>Eine Sondersitzung des Verteidigungsausschuss der iranischen Ethnien und Nationen fand am 26.Sep 2022 um 18:00 Uhr mitteleurop\u00e4ischer Zeit in Anwesenheit von Ausschussmitgliedern und einer Gruppe von Menschenrechtsaktivisten und anderen G\u00e4sten \u00fcber den virtuellen Raum von Zoom, YouTube und Kanoon-App unter der Leitung von Reza Shaighan statt. 1) Beginn der Sondersitzung: Reza Shaighan, 2) Gastredner der &hellip; <\/p>\n<p><a class=\"more-link btn\" href=\"https:\/\/deutsch.bashariyat.org\/?p=6539\">Weiterlesen<\/a><\/p>\n","protected":false},"author":2,"featured_media":0,"comment_status":"closed","ping_status":"closed","sticky":false,"template":"","format":"standard","meta":{"footnotes":""},"categories":[1],"tags":[],"class_list":["post-6539","post","type-post","status-publish","format-standard","hentry","category-allgemein","item-wrap"],"_links":{"self":[{"href":"https:\/\/deutsch.bashariyat.org\/index.php?rest_route=\/wp\/v2\/posts\/6539","targetHints":{"allow":["GET"]}}],"collection":[{"href":"https:\/\/deutsch.bashariyat.org\/index.php?rest_route=\/wp\/v2\/posts"}],"about":[{"href":"https:\/\/deutsch.bashariyat.org\/index.php?rest_route=\/wp\/v2\/types\/post"}],"author":[{"embeddable":true,"href":"https:\/\/deutsch.bashariyat.org\/index.php?rest_route=\/wp\/v2\/users\/2"}],"replies":[{"embeddable":true,"href":"https:\/\/deutsch.bashariyat.org\/index.php?rest_route=%2Fwp%2Fv2%2Fcomments&post=6539"}],"version-history":[{"count":2,"href":"https:\/\/deutsch.bashariyat.org\/index.php?rest_route=\/wp\/v2\/posts\/6539\/revisions"}],"predecessor-version":[{"id":6826,"href":"https:\/\/deutsch.bashariyat.org\/index.php?rest_route=\/wp\/v2\/posts\/6539\/revisions\/6826"}],"wp:attachment":[{"href":"https:\/\/deutsch.bashariyat.org\/index.php?rest_route=%2Fwp%2Fv2%2Fmedia&parent=6539"}],"wp:term":[{"taxonomy":"category","embeddable":true,"href":"https:\/\/deutsch.bashariyat.org\/index.php?rest_route=%2Fwp%2Fv2%2Fcategories&post=6539"},{"taxonomy":"post_tag","embeddable":true,"href":"https:\/\/deutsch.bashariyat.org\/index.php?rest_route=%2Fwp%2Fv2%2Ftags&post=6539"}],"curies":[{"name":"wp","href":"https:\/\/api.w.org\/{rel}","templated":true}]}}