{"id":6600,"date":"2022-11-02T00:16:36","date_gmt":"2022-11-01T23:16:36","guid":{"rendered":"https:\/\/deutsch.bashariyat.org\/?p=6600"},"modified":"2022-11-02T00:21:29","modified_gmt":"2022-11-01T23:21:29","slug":"einladung-zur-sitzung-der-asien-und-osteuropa-niederlassung-am-27-okt-2022","status":"publish","type":"post","link":"https:\/\/deutsch.bashariyat.org\/?p=6600","title":{"rendered":"Einladung zur Sitzung der Asien und Osteuropa Niederlassung am 27.Okt.2022"},"content":{"rendered":"<p style=\"text-align: center;\"><img decoding=\"async\" class=\"alignleft\" src=\"https:\/\/deutsch.bashariyat.org\/wp-content\/uploads\/2020\/11\/stempel-einladung-constanze-pro2.jpg\" \/><\/p>\n<p>&nbsp;<\/p>\n<p>&nbsp;<\/p>\n<p>&nbsp;<\/p>\n<p>&nbsp;<\/p>\n<p>&nbsp;<\/p>\n<p style=\"text-align: center;\">Liebe Menschenrechtler, Experten und Kolleginnen und Kollegen, Sie\u00a0 \u00a0 \u00a0 \u00a0 \u00a0 \u00a0 \u00a0 \u00a0 \u00a0 \u00a0 \u00a0 \u00a0 \u00a0 \u00a0 \u00a0 \u00a0 \u00a0 \u00a0 \u00a0 \u00a0 \u00a0 \u00a0 \u00a0 \u00a0 \u00a0 sind eingeladen, uns bei dieser Rederunde zu begleiten.<\/p>\n<p style=\"text-align: center;\">\u00a0 \u00a0 \u00a0 \u00a0 \u00a0 \u00a0 \u00a0 \u00a0 \u00a0 \u00a0 \u00a0 \u00a0 \u00a0 \u00a0 \u00a0 \u00a0 \u00a0 \u00a0 \u00a0 \u00a0 \u00a0 \u00a0 \u00a0 \u00a0 \u00a0 \u00a0 \u00a0 \u00a0 \u00a0 \u00a0 \u00a0 \u00a0 \u00a0 \u00a0 Vortrag, Fragen und Antworten, Diskussionen und Unterhalten<!--more--><\/p>\n<p><strong>Referenten und das Thema der Vortr\u00e4ge:<\/strong><\/p>\n<p><strong>Lida Ashjaei <\/strong><strong>\u00a0:<\/strong><\/p>\n<p>Bericht und Analyse der Menschenrechteverletzungen im Sep.\/Okt. 2022<\/p>\n<p>&nbsp;<\/p>\n<p><strong>Mehdi Afsharzadeh :<\/strong><strong>\u00a0\u00a0\u00a0\u00a0\u00a0\u00a0\u00a0\u00a0\u00a0\u00a0\u00a0\u00a0\u00a0\u00a0\u00a0\u00a0\u00a0\u00a0\u00a0\u00a0\u00a0\u00a0\u00a0\u00a0\u00a0\u00a0\u00a0\u00a0\u00a0\u00a0\u00a0\u00a0\u00a0\u00a0\u00a0\u00a0\u00a0\u00a0\u00a0\u00a0 <\/strong><\/p>\n<p>\u00dcberpr\u00fcfung der Genfer-Fl\u00fcchtlingskonvention vom 28. Juli 1951 und dessen Vergleich mit der Verfassung der Islamischen Republik im Iran<\/p>\n<p>&nbsp;<\/p>\n<p><strong>Mohammad Golestanjou<\/strong> <strong>:<\/strong><\/p>\n<p>Internationaler Tag ohne Gewalt<\/p>\n<p><strong>\u00a0<\/strong><\/p>\n<p><strong>Farshideh Pourazaran <\/strong><strong>:<\/strong><\/p>\n<p>Internationaler Tag des Kampfes f\u00fcr die Abschaffung der Todesstrafe<\/p>\n<p>Am Ende jedes Abschnitts finden Fragen und Antworten statt<\/p>\n<p><strong>Die \u00f6ffentliche Diskussion<\/strong> <strong>:\u00a0\u00a0\u00a0\u00a0\u00a0\u00a0 <\/strong><\/p>\n<p>Das Recht auf Protestieren (Sch\u00fcler und ihre Verhaftung)<\/p>\n<p>&nbsp;<\/p>\n<p>Die Planung und die Prognose f\u00fcr die Aktivit\u00e4ten des n\u00e4chsten Monats<\/p>\n<p>&nbsp;<\/p>\n<p><strong>Zeit:<\/strong><strong>\u00a0<\/strong>Donerstag, 27.Okt.2022 um 18:00 Uhr MEZ<\/p>\n<p><strong>Veranstaltungsort<\/strong><strong>:<\/strong><\/p>\n<ol>\n<li>Virtueller Raum (Zoom)<\/li>\n<\/ol>\n<p><a href=\"https:\/\/zoom.us\/j\/8057930858?pwd=OTB2U2xEYkd3UlgxRUY5WG43ZlM5dz09\">https:\/\/zoom.us\/j\/8057930858?pwd=OTB2U2xEYkd3UlgxRUY5WG43ZlM5dz09<\/a><\/p>\n<ol start=\"2\">\n<li>Virtueller Raum (Youtube)<\/li>\n<\/ol>\n<p><a href=\"https:\/\/youtube.com\/channel\/UCjDITs1AOEBapWS2enW92Ug\">https:\/\/youtube.com\/channel\/UCjDITs1AOEBapWS2enW92Ug<\/a><\/p>\n<ol start=\"3\">\n<li>Die Anwendung der VVMIran (direkte \u00dcbertragung vom Fernsehen)<\/li>\n<\/ol>\n<p>&nbsp;<\/p>\n<p>Unsere Kollegen und Aktivisten, die uns bei diesem Treffen helfen:<\/p>\n<p>&nbsp;<\/p>\n<p><strong>Verantwortlich f\u00fcr die Sitzung:<\/strong> Sharareh Mahbodi<\/p>\n<p><strong>Sekret\u00e4r\/in der Sitzung:<\/strong> Kowsar Valizadeh<\/p>\n<p><strong>Tonaufnahme:<\/strong> Mohammad Golestanjou, Mehdi Afsharzadeh<\/p>\n<p><strong>Admins:<\/strong> Kowsar Valizadeh, Roza Jahanbin<\/p>\n<p>&nbsp;<\/p>\n<p>&nbsp;<\/p>\n<p style=\"text-align: center;\"><strong>Vereinigung zur Verteidigung der Menschenrechte im Iran<\/strong><\/p>\n<p style=\"text-align: center;\"><strong>Asien und Osteuropa Niederlassung<\/strong><\/p>\n<p style=\"text-align: center;\"><strong>\u00a0<\/strong><\/p>\n<p><strong>\u00a0<\/strong><\/p>\n<p>Der \u00dcbersetzer: Mohammadhasan Hasanzadehmehrabadi<\/p>\n","protected":false},"excerpt":{"rendered":"<p>&nbsp; &nbsp; &nbsp; &nbsp; &nbsp; Liebe Menschenrechtler, Experten und Kolleginnen und Kollegen, Sie\u00a0 \u00a0 \u00a0 \u00a0 \u00a0 \u00a0 \u00a0 \u00a0 \u00a0 \u00a0 \u00a0 \u00a0 \u00a0 \u00a0 \u00a0 \u00a0 \u00a0 \u00a0 \u00a0 \u00a0 \u00a0 \u00a0 \u00a0 \u00a0 \u00a0 sind eingeladen, uns bei dieser Rederunde zu begleiten. \u00a0 \u00a0 \u00a0 \u00a0 \u00a0 \u00a0 \u00a0 \u00a0 \u00a0 \u00a0 &hellip; <\/p>\n<p><a class=\"more-link btn\" href=\"https:\/\/deutsch.bashariyat.org\/?p=6600\">Weiterlesen<\/a><\/p>\n","protected":false},"author":2,"featured_media":0,"comment_status":"closed","ping_status":"closed","sticky":false,"template":"","format":"standard","meta":{"footnotes":""},"categories":[1],"tags":[],"class_list":["post-6600","post","type-post","status-publish","format-standard","hentry","category-allgemein","item-wrap"],"_links":{"self":[{"href":"https:\/\/deutsch.bashariyat.org\/index.php?rest_route=\/wp\/v2\/posts\/6600","targetHints":{"allow":["GET"]}}],"collection":[{"href":"https:\/\/deutsch.bashariyat.org\/index.php?rest_route=\/wp\/v2\/posts"}],"about":[{"href":"https:\/\/deutsch.bashariyat.org\/index.php?rest_route=\/wp\/v2\/types\/post"}],"author":[{"embeddable":true,"href":"https:\/\/deutsch.bashariyat.org\/index.php?rest_route=\/wp\/v2\/users\/2"}],"replies":[{"embeddable":true,"href":"https:\/\/deutsch.bashariyat.org\/index.php?rest_route=%2Fwp%2Fv2%2Fcomments&post=6600"}],"version-history":[{"count":1,"href":"https:\/\/deutsch.bashariyat.org\/index.php?rest_route=\/wp\/v2\/posts\/6600\/revisions"}],"predecessor-version":[{"id":6601,"href":"https:\/\/deutsch.bashariyat.org\/index.php?rest_route=\/wp\/v2\/posts\/6600\/revisions\/6601"}],"wp:attachment":[{"href":"https:\/\/deutsch.bashariyat.org\/index.php?rest_route=%2Fwp%2Fv2%2Fmedia&parent=6600"}],"wp:term":[{"taxonomy":"category","embeddable":true,"href":"https:\/\/deutsch.bashariyat.org\/index.php?rest_route=%2Fwp%2Fv2%2Fcategories&post=6600"},{"taxonomy":"post_tag","embeddable":true,"href":"https:\/\/deutsch.bashariyat.org\/index.php?rest_route=%2Fwp%2Fv2%2Ftags&post=6600"}],"curies":[{"name":"wp","href":"https:\/\/api.w.org\/{rel}","templated":true}]}}