{"id":6605,"date":"2022-11-02T00:25:05","date_gmt":"2022-11-01T23:25:05","guid":{"rendered":"https:\/\/deutsch.bashariyat.org\/?p=6605"},"modified":"2022-11-02T00:25:27","modified_gmt":"2022-11-01T23:25:27","slug":"audio-und-videobericht-des-youth-and-student-rights-defense-committee-10-oktober-2022","status":"publish","type":"post","link":"https:\/\/deutsch.bashariyat.org\/?p=6605","title":{"rendered":"Audio- und Videobericht des Youth and Student Rights Defense Committee, 10. Oktober 2022"},"content":{"rendered":"<p style=\"text-align: justify;\">Eine Sondersitzung des Komitees zur Verteidigung der Jugend- und Studentenrechte fand am Montag, den 10. Oktober 2022 um 18:00 Uhr mitteleurop\u00e4ischer Zeit in Anwesenheit einer Gruppe von Menschenrechtsaktivisten und anderen G\u00e4sten im virtuellen Raum von Zoom statt. YouTube und die Kanon-Anwendung unter der Leitung von Dezem Star. .\u00a01) Beginn des Treffens: Setare Dezhem, 2) Gastredner des Treffens Herr Mohammad Reza Rai: Das Protestrecht (inh\u00e4rente Rechte und B\u00fcrgerrechte) mit der Teilnahme von: Samaneh Birjandi, Setera Dezhem, Saeed Pourmand, Manouchehr Shafaei .\u00a0Kollegen, die uns bei diesem Treffen geholfen haben.\u00a0Diese sind: die f\u00fcr das Meeting verantwortliche Person: Setare Dejam, der Sekret\u00e4r des Meetings: Reza Hatami, Schnitt und Tonaufnahme: Saeed Pourmand, Admin: Samaneh Birjandi.\u00a0Interessierte k\u00f6nnen die Audioberichte der oben genannten Sitzung \u00fcber die Audiodateien anh\u00f6ren.\u00a0Sehen Sie sich auch den Videobericht des Treffens \u00fcber den YouTube-Link an:<\/p>\n<div class=\"embed-container\"><iframe loading=\"lazy\" title=\"\u062c\u0644\u0633\u0647 \u0648\u06cc\u0698\u0647 \u0647\u0645 \u0627\u0646\u062f\u06cc\u0634\u06cc \u06a9\u0645\u06cc\u062a\u0647 \u062f\u0641\u0627\u0639 \u0627\u0632 \u062d\u0642\u0648\u0642 \u062c\u0648\u0627\u0646 \u0648 \u062f\u0627\u0646\u0634\u062c\u0648\u060c \u06f1\u06f0 \u0627\u06a9\u062a\u0628\u0631 \u06f2\u06f0\u06f2\u06f2\" width=\"1170\" height=\"658\" src=\"https:\/\/www.youtube.com\/embed\/11Cn3nQfE0M?feature=oembed\" frameborder=\"0\" allow=\"accelerometer; autoplay; clipboard-write; encrypted-media; gyroscope; picture-in-picture; web-share\" referrerpolicy=\"strict-origin-when-cross-origin\" allowfullscreen><\/iframe><\/div>\n<p><!--more--><\/p>\n<p><a href=\"https:\/\/bashariyat.org\/cloudspot\/blog\/ms-music\/%da%af%d8%b2%d8%a7%d8%b1%d8%b4-%d8%b5%d9%88%d8%aa%db%8c-%d9%88-%d8%aa%d8%b5%d9%88%db%8c%d8%b1%db%8c-%da%a9%d9%85%db%8c%d8%aa%d9%87-%d8%af%d9%81%d8%a7%d8%b9-%d8%a7%d8%b2-%d8%ad%d9%82%d9%88%d9%82-129\/\"><span>Beginn der Sitzung: Dezem Star<\/span><\/a><\/p>\n<p><a href=\"https:\/\/bashariyat.org\/cloudspot\/blog\/ms-music\/%da%af%d8%b2%d8%a7%d8%b1%d8%b4-%d8%b5%d9%88%d8%aa%db%8c-%d9%88-%d8%aa%d8%b5%d9%88%db%8c%d8%b1%db%8c-%da%a9%d9%85%db%8c%d8%aa%d9%87-%d8%af%d9%81%d8%a7%d8%b9-%d8%a7%d8%b2-%d8%ad%d9%82%d9%88%d9%82-130\/\"><span>Mohammad Reza Rai: Erbrechte<\/span><\/a><\/p>\n<p><a href=\"https:\/\/bashariyat.org\/cloudspot\/blog\/ms-music\/%da%af%d8%b2%d8%a7%d8%b1%d8%b4-%d8%b5%d9%88%d8%aa%db%8c-%d9%88-%d8%aa%d8%b5%d9%88%db%8c%d8%b1%db%8c-%da%a9%d9%85%db%8c%d8%aa%d9%87-%d8%af%d9%81%d8%a7%d8%b9-%d8%a7%d8%b2-%d8%ad%d9%82%d9%88%d9%82-131\/\"><span>Mohammadreza Rai: B\u00fcrgerrechte<\/span><\/a><\/p>\n<p><a href=\"https:\/\/bashariyat.org\/cloudspot\/blog\/ms-music\/%da%af%d8%b2%d8%a7%d8%b1%d8%b4-%d8%b5%d9%88%d8%aa%db%8c-%d9%88-%d8%aa%d8%b5%d9%88%db%8c%d8%b1%db%8c-%da%a9%d9%85%db%8c%d8%aa%d9%87-%d8%af%d9%81%d8%a7%d8%b9-%d8%a7%d8%b2-%d8%ad%d9%82%d9%88%d9%82-132\/\"><span>Mohammad Reza Rai: Diktaturvergleich<\/span><\/a><\/p>\n<p><a href=\"https:\/\/bashariyat.org\/cloudspot\/blog\/ms-music\/%da%af%d8%b2%d8%a7%d8%b1%d8%b4-%d8%b5%d9%88%d8%aa%db%8c-%d9%88-%d8%aa%d8%b5%d9%88%db%8c%d8%b1%db%8c-%da%a9%d9%85%db%8c%d8%aa%d9%87-%d8%af%d9%81%d8%a7%d8%b9-%d8%a7%d8%b2-%d8%ad%d9%82%d9%88%d9%82-133\/\"><span>Mohammadreza Rai: Das Protestrecht von Kindern und Jugendlichen<\/span><\/a><\/p>\n","protected":false},"excerpt":{"rendered":"<p>Eine Sondersitzung des Komitees zur Verteidigung der Jugend- und Studentenrechte fand am Montag, den 10. Oktober 2022 um 18:00 Uhr mitteleurop\u00e4ischer Zeit in Anwesenheit einer Gruppe von Menschenrechtsaktivisten und anderen G\u00e4sten im virtuellen Raum von Zoom statt. YouTube und die Kanon-Anwendung unter der Leitung von Dezem Star. .\u00a01) Beginn des Treffens: Setare Dezhem, 2) Gastredner &hellip; <\/p>\n<p><a class=\"more-link btn\" href=\"https:\/\/deutsch.bashariyat.org\/?p=6605\">Weiterlesen<\/a><\/p>\n","protected":false},"author":2,"featured_media":0,"comment_status":"closed","ping_status":"closed","sticky":false,"template":"","format":"standard","meta":{"footnotes":""},"categories":[1],"tags":[],"class_list":["post-6605","post","type-post","status-publish","format-standard","hentry","category-allgemein","item-wrap"],"_links":{"self":[{"href":"https:\/\/deutsch.bashariyat.org\/index.php?rest_route=\/wp\/v2\/posts\/6605","targetHints":{"allow":["GET"]}}],"collection":[{"href":"https:\/\/deutsch.bashariyat.org\/index.php?rest_route=\/wp\/v2\/posts"}],"about":[{"href":"https:\/\/deutsch.bashariyat.org\/index.php?rest_route=\/wp\/v2\/types\/post"}],"author":[{"embeddable":true,"href":"https:\/\/deutsch.bashariyat.org\/index.php?rest_route=\/wp\/v2\/users\/2"}],"replies":[{"embeddable":true,"href":"https:\/\/deutsch.bashariyat.org\/index.php?rest_route=%2Fwp%2Fv2%2Fcomments&post=6605"}],"version-history":[{"count":2,"href":"https:\/\/deutsch.bashariyat.org\/index.php?rest_route=\/wp\/v2\/posts\/6605\/revisions"}],"predecessor-version":[{"id":6607,"href":"https:\/\/deutsch.bashariyat.org\/index.php?rest_route=\/wp\/v2\/posts\/6605\/revisions\/6607"}],"wp:attachment":[{"href":"https:\/\/deutsch.bashariyat.org\/index.php?rest_route=%2Fwp%2Fv2%2Fmedia&parent=6605"}],"wp:term":[{"taxonomy":"category","embeddable":true,"href":"https:\/\/deutsch.bashariyat.org\/index.php?rest_route=%2Fwp%2Fv2%2Fcategories&post=6605"},{"taxonomy":"post_tag","embeddable":true,"href":"https:\/\/deutsch.bashariyat.org\/index.php?rest_route=%2Fwp%2Fv2%2Ftags&post=6605"}],"curies":[{"name":"wp","href":"https:\/\/api.w.org\/{rel}","templated":true}]}}