{"id":6656,"date":"2022-11-06T15:29:47","date_gmt":"2022-11-06T14:29:47","guid":{"rendered":"https:\/\/deutsch.bashariyat.org\/?p=6656"},"modified":"2022-11-06T15:30:04","modified_gmt":"2022-11-06T14:30:04","slug":"audio-und-videobericht-des-sonderaufrufs-der-europaeischen-regionsvertreter-am-26-oktober-2022","status":"publish","type":"post","link":"https:\/\/deutsch.bashariyat.org\/?p=6656","title":{"rendered":"Audio- und Videobericht des Sonderaufrufs der europ\u00e4ischen Regionsvertreter am 26. Oktober 2022"},"content":{"rendered":"<p style=\"text-align: justify;\">Das spezielle Konsenstreffen des Vertreters der europ\u00e4ischen Region fand am Mittwoch, den 26. Oktober 2022 um 18:00 Uhr mitteleurop\u00e4ischer Zeit in Anwesenheit einer Gruppe von Menschenrechtsaktivisten und anderen G\u00e4sten im virtuellen Raum von Zoom, YouTube und der statt Kanon-Anwendung unter der Leitung von Herrn Mehrdad Yeganeh.\u00a01) Beginn des Treffens: Herr Mehrdad Yeganeh, 2) Gastredner des Treffens, Herr Ali Chasadar: Das Recht auf Protest (emotional-psychologische Gef\u00fchle), 3) Mit der Teilnahme von: Herrn Hamidreza Rai, Herrn Dr. Sepehr Rezaei Shayan, Herr Manouchehr Shafaei.\u00a0Kollegen, die uns bei diesem Treffen geholfen haben.\u00a0Diese sind: Versammlungsleiter: Herr Mehrdad Yeganeh, Versammlungsleiter: Frau Sanaz Taneh, Redaktion und Aufzeichnung: Frau Leila Ramadan, Administratoren: Frau Nadia Musharraf, Herr Sepehr Rezaei Shayan.\u00a0Interessierte k\u00f6nnen die Audioberichte der oben genannten Sitzung \u00fcber die Audiodateien anh\u00f6ren.\u00a0Sehen Sie sich auch den Videobericht des Treffens \u00fcber den YouTube-Link an:<\/p>\n<div class=\"embed-container\"><iframe loading=\"lazy\" title=\"\u062c\u0644\u0633\u0647 \u0648\u06cc\u0698\u0647 \u0647\u0645 \u0627\u0646\u062f\u06cc\u0634\u06cc \u0646\u0645\u0627\u06cc\u0646\u062f\u06af\u06cc \u0645\u0646\u0637\u0642\u0647 \u0627\u0631\u0648\u067e\u0627\u060c \u06f2\u06f6 \u0627\u06a9\u062a\u0628\u0631 \u06f2\u06f0\u06f2\u06f2\" width=\"1170\" height=\"658\" src=\"https:\/\/www.youtube.com\/embed\/gdq63Vk6do4?feature=oembed\" frameborder=\"0\" allow=\"accelerometer; autoplay; clipboard-write; encrypted-media; gyroscope; picture-in-picture; web-share\" referrerpolicy=\"strict-origin-when-cross-origin\" allowfullscreen><\/iframe><\/div>\n","protected":false},"excerpt":{"rendered":"<p>Das spezielle Konsenstreffen des Vertreters der europ\u00e4ischen Region fand am Mittwoch, den 26. Oktober 2022 um 18:00 Uhr mitteleurop\u00e4ischer Zeit in Anwesenheit einer Gruppe von Menschenrechtsaktivisten und anderen G\u00e4sten im virtuellen Raum von Zoom, YouTube und der statt Kanon-Anwendung unter der Leitung von Herrn Mehrdad Yeganeh.\u00a01) Beginn des Treffens: Herr Mehrdad Yeganeh, 2) Gastredner des &hellip; <\/p>\n<p><a class=\"more-link btn\" href=\"https:\/\/deutsch.bashariyat.org\/?p=6656\">Weiterlesen<\/a><\/p>\n","protected":false},"author":2,"featured_media":0,"comment_status":"closed","ping_status":"closed","sticky":false,"template":"","format":"standard","meta":{"footnotes":""},"categories":[1],"tags":[],"class_list":["post-6656","post","type-post","status-publish","format-standard","hentry","category-allgemein","item-wrap"],"_links":{"self":[{"href":"https:\/\/deutsch.bashariyat.org\/index.php?rest_route=\/wp\/v2\/posts\/6656","targetHints":{"allow":["GET"]}}],"collection":[{"href":"https:\/\/deutsch.bashariyat.org\/index.php?rest_route=\/wp\/v2\/posts"}],"about":[{"href":"https:\/\/deutsch.bashariyat.org\/index.php?rest_route=\/wp\/v2\/types\/post"}],"author":[{"embeddable":true,"href":"https:\/\/deutsch.bashariyat.org\/index.php?rest_route=\/wp\/v2\/users\/2"}],"replies":[{"embeddable":true,"href":"https:\/\/deutsch.bashariyat.org\/index.php?rest_route=%2Fwp%2Fv2%2Fcomments&post=6656"}],"version-history":[{"count":2,"href":"https:\/\/deutsch.bashariyat.org\/index.php?rest_route=\/wp\/v2\/posts\/6656\/revisions"}],"predecessor-version":[{"id":6658,"href":"https:\/\/deutsch.bashariyat.org\/index.php?rest_route=\/wp\/v2\/posts\/6656\/revisions\/6658"}],"wp:attachment":[{"href":"https:\/\/deutsch.bashariyat.org\/index.php?rest_route=%2Fwp%2Fv2%2Fmedia&parent=6656"}],"wp:term":[{"taxonomy":"category","embeddable":true,"href":"https:\/\/deutsch.bashariyat.org\/index.php?rest_route=%2Fwp%2Fv2%2Fcategories&post=6656"},{"taxonomy":"post_tag","embeddable":true,"href":"https:\/\/deutsch.bashariyat.org\/index.php?rest_route=%2Fwp%2Fv2%2Ftags&post=6656"}],"curies":[{"name":"wp","href":"https:\/\/api.w.org\/{rel}","templated":true}]}}