{"id":6659,"date":"2022-11-06T15:30:37","date_gmt":"2022-11-06T14:30:37","guid":{"rendered":"https:\/\/deutsch.bashariyat.org\/?p=6659"},"modified":"2022-11-06T15:30:54","modified_gmt":"2022-11-06T14:30:54","slug":"audio-und-videobericht-des-sondertreffens-der-norddeutschen-delegation-am-25-oktober-2022","status":"publish","type":"post","link":"https:\/\/deutsch.bashariyat.org\/?p=6659","title":{"rendered":"Audio- und Videobericht des Sondertreffens der norddeutschen Delegation am 25. Oktober 2022"},"content":{"rendered":"<p style=\"text-align: justify;\">Die Sondersitzung der Rede des Vertreters Norddeutschlands, anl\u00e4sslich der j\u00fcngsten Proteste im Iran, am Freitag, 25. Oktober 2022 um 18:00 Uhr mitteleurop\u00e4ischer Zeit, in Anwesenheit von Parveen Malek (Menschenrechtsaktivistin) und anderen G\u00e4sten durch den virtuellen Raum von Zoom, YouTube und die Kanon-Anwendung mit der Verwaltung von Farida Farai stattfand.\u00a01) Beginn des Treffens: Farida Farai 2) Gastredner des Treffens, Frau Parveen Malek: Das Recht zu protestieren (die Bedeutung der Einheit in der Frauenrevolution), mit der Teilnahme von: Reza Shaygan, Shabnam Rezavand, Maziar Parvizi , Simin Pourbrodfan, Mohammad Hassan Hassanzadeh Mehrabadi, Farida Karmi Shirazi, Frau Farid, Zainab Izadi, Mehrdad Yeganeh, Kollegen, die uns bei diesem Treffen geholfen haben.\u00a0Dies sind: die f\u00fcr das Treffen verantwortliche Person: Farida Farai, die Sekret\u00e4rin des Treffens: Zahra Rahai, die Redakteurin und Aufzeichnung des Treffens und der Administrator: Mohammad Rasool Portendrest.\u00a0Interessierte k\u00f6nnen die Audioberichte der oben genannten Sitzung \u00fcber die folgenden Audiodateien anh\u00f6ren.\u00a0Sehen Sie sich auch den Videobericht des Treffens \u00fcber den YouTube-Link an:<\/p>\n<div class=\"embed-container\"><iframe loading=\"lazy\" title=\"\u062c\u0644\u0633\u0647 \u0648\u06cc\u0698\u0647 \u0633\u062e\u0646\u0631\u0627\u0646\u06cc \u0646\u0645\u0627\u06cc\u0646\u062f\u06af\u06cc \u0645\u0646\u0637\u0642\u0647 \u0634\u0645\u0627\u0644 \u0622\u0644\u0645\u0627\u0646\u060c \u06f2\u06f5 \u0627\u06a9\u062a\u0628\u0631 \u06f2\u06f0\u06f2\u06f2\" width=\"1170\" height=\"658\" src=\"https:\/\/www.youtube.com\/embed\/yRXz-aCnLqI?feature=oembed\" frameborder=\"0\" allow=\"accelerometer; autoplay; clipboard-write; encrypted-media; gyroscope; picture-in-picture; web-share\" referrerpolicy=\"strict-origin-when-cross-origin\" allowfullscreen><\/iframe><\/div>\n","protected":false},"excerpt":{"rendered":"<p>Die Sondersitzung der Rede des Vertreters Norddeutschlands, anl\u00e4sslich der j\u00fcngsten Proteste im Iran, am Freitag, 25. Oktober 2022 um 18:00 Uhr mitteleurop\u00e4ischer Zeit, in Anwesenheit von Parveen Malek (Menschenrechtsaktivistin) und anderen G\u00e4sten durch den virtuellen Raum von Zoom, YouTube und die Kanon-Anwendung mit der Verwaltung von Farida Farai stattfand.\u00a01) Beginn des Treffens: Farida Farai 2) &hellip; <\/p>\n<p><a class=\"more-link btn\" href=\"https:\/\/deutsch.bashariyat.org\/?p=6659\">Weiterlesen<\/a><\/p>\n","protected":false},"author":2,"featured_media":0,"comment_status":"closed","ping_status":"closed","sticky":false,"template":"","format":"standard","meta":{"footnotes":""},"categories":[1],"tags":[],"class_list":["post-6659","post","type-post","status-publish","format-standard","hentry","category-allgemein","item-wrap"],"_links":{"self":[{"href":"https:\/\/deutsch.bashariyat.org\/index.php?rest_route=\/wp\/v2\/posts\/6659","targetHints":{"allow":["GET"]}}],"collection":[{"href":"https:\/\/deutsch.bashariyat.org\/index.php?rest_route=\/wp\/v2\/posts"}],"about":[{"href":"https:\/\/deutsch.bashariyat.org\/index.php?rest_route=\/wp\/v2\/types\/post"}],"author":[{"embeddable":true,"href":"https:\/\/deutsch.bashariyat.org\/index.php?rest_route=\/wp\/v2\/users\/2"}],"replies":[{"embeddable":true,"href":"https:\/\/deutsch.bashariyat.org\/index.php?rest_route=%2Fwp%2Fv2%2Fcomments&post=6659"}],"version-history":[{"count":2,"href":"https:\/\/deutsch.bashariyat.org\/index.php?rest_route=\/wp\/v2\/posts\/6659\/revisions"}],"predecessor-version":[{"id":6661,"href":"https:\/\/deutsch.bashariyat.org\/index.php?rest_route=\/wp\/v2\/posts\/6659\/revisions\/6661"}],"wp:attachment":[{"href":"https:\/\/deutsch.bashariyat.org\/index.php?rest_route=%2Fwp%2Fv2%2Fmedia&parent=6659"}],"wp:term":[{"taxonomy":"category","embeddable":true,"href":"https:\/\/deutsch.bashariyat.org\/index.php?rest_route=%2Fwp%2Fv2%2Fcategories&post=6659"},{"taxonomy":"post_tag","embeddable":true,"href":"https:\/\/deutsch.bashariyat.org\/index.php?rest_route=%2Fwp%2Fv2%2Ftags&post=6659"}],"curies":[{"name":"wp","href":"https:\/\/api.w.org\/{rel}","templated":true}]}}