{"id":6689,"date":"2022-11-17T20:02:22","date_gmt":"2022-11-17T19:02:22","guid":{"rendered":"https:\/\/deutsch.bashariyat.org\/?p=6689"},"modified":"2022-11-17T20:02:22","modified_gmt":"2022-11-17T19:02:22","slug":"audio-und-videobericht-der-norddeutschen-delegation-vom-16-10-2022-2","status":"publish","type":"post","link":"https:\/\/deutsch.bashariyat.org\/?p=6689","title":{"rendered":"Audio- und Videobericht der norddeutschen Delegation vom 16.10.2022"},"content":{"rendered":"<p style=\"text-align: justify;\"><span>Das Redetreffen der norddeutschen Delegation fand am Sonntag, den 16. Oktober 2022 um 12:00 Uhr mitteleurop\u00e4ischer Zeit in Anwesenheit einer Gruppe von Menschenrechtsaktivisten und anderen G\u00e4sten \u00fcber den virtuellen Raum von Zoom, YouTube und die Anwendung des Zentrums statt , unter der Leitung von Farida Farai.\u00a0<\/span><span>Die Referenten sind: 1- Beginn der Sitzung: Farida Farai 2- Seyed Saeed Nourizadeh: Bericht und Analyse von Menschenrechtsverletzungen im Iran im Oktober 1401, 3- Mehdi Mohammadpour: Internationale Konvention zur Beseitigung jeglicher Art von Rassendiskriminierung und deren Vergleich die Verfassung der Islamischen Republik im Iran, 4- Zahra Rahai: Frauen, Leben, Freiheit, 5- Sadiq Farrokhi Qasr-Asimi: Warum Unterdr\u00fcckung von Demonstranten 6- Ruqiyeh Farzaneh: Frauenrechte und Status in der Verfassung, 7- Offene Diskussion \u00fcber das Recht zu protestieren (Welttag ohne Gewalt) mit der Teilnahme von: Mohammad Hassan Hassanzadeh Mehrabadi, Milad Tarzeni, Abolfazl Rajabzadeh, Manochehar Shafaei, Farshad Arabi, Mehran Ansarinejad, Ruqieh Farzaneh, die Kollegen, die uns bei diesem Treffen geholfen haben, sind: Die Person Verantwortlich f\u00fcr die Sitzung:\u00a0<\/span><span>Farida Farai, Sekret\u00e4rin des Treffens von Abolfazl Rajabpour, Tonaufnahme und Redakteurin: Sadra Mujib Yazdani, Farshad Arabi, Administratoren: Nariman Hosseinnejad, Milad Tarzeni.\u00a0<\/span><span>Interessierte k\u00f6nnen sich den Audiobericht des oben genannten Treffens \u00fcber die folgenden Audiodateien anh\u00f6ren.\u00a0<\/span><span>Sehen Sie sich auch den Videobericht des Treffens \u00fcber den YouTube-Link an:<\/span><\/p>\n<div class=\"embed-container\"><iframe loading=\"lazy\" title=\"\u062c\u0644\u0633\u0647 \u0633\u062e\u0646\u0631\u0627\u0646\u06cc \u0646\u0645\u0627\u06cc\u0646\u062f\u06af\u06cc \u0645\u0646\u0637\u0642\u0647 \u0634\u0645\u0627\u0644 \u0622\u0644\u0645\u0627\u0646\u060c \u06f1\u06f6 \u0627\u06a9\u062a\u0628\u0631 \u06f2\u06f0\u06f2\u06f2\" width=\"1170\" height=\"658\" src=\"https:\/\/www.youtube.com\/embed\/XOLdnJRiT4g?feature=oembed\" frameborder=\"0\" allow=\"accelerometer; autoplay; clipboard-write; encrypted-media; gyroscope; picture-in-picture; web-share\" referrerpolicy=\"strict-origin-when-cross-origin\" allowfullscreen><\/iframe><\/div>\n<p><!--more--><\/p>\n<p><a href=\"https:\/\/bashariyat.org\/cloudspot\/?post_type=ms-music&amp;p=3445&amp;preview=true\"><span>Beginn des Treffens: Farida Farai<\/span><\/a><\/p>\n<p><a href=\"https:\/\/bashariyat.org\/cloudspot\/?post_type=ms-music&amp;p=3447&amp;preview=true\"><span>Seyed Saeed Nourizadeh: Bericht und Analyse von Menschenrechtsverletzungen im Iran im Oktober 2022<\/span><\/a><\/p>\n<p><a href=\"https:\/\/bashariyat.org\/cloudspot\/blog\/ms-music\/%da%af%d8%b2%d8%a7%d8%b1%d8%b4-%d8%b5%d9%88%d8%aa%db%8c-%d9%88-%d8%aa%d8%b5%d9%88%db%8c%d8%b1%db%8c-%d9%86%d9%85%d8%a7%db%8c%d9%86%d8%af%da%af%db%8c-%d8%b4%d9%85%d8%a7%d9%84-%d8%a2%d9%84%d9%85-17\/\"><span>Zahra Rahai: Frau, Leben, Freiheit<\/span><\/a><\/p>\n<p><a href=\"https:\/\/bashariyat.org\/cloudspot\/?post_type=ms-music&amp;p=3455&amp;preview=true\"><span>Sadegh Farrokhi Qasr Asami: Warum die Demonstranten unterdr\u00fccken?<\/span><\/a><\/p>\n<p><a href=\"https:\/\/bashariyat.org\/cloudspot\/?post_type=ms-music&amp;p=3456&amp;preview=true\"><span>Ruqieh Farzaneh: Frauenrechte und Stellung in der Verfassung<\/span><\/a><\/p>\n<p><a href=\"https:\/\/bashariyat.org\/cloudspot\/?post_type=ms-music&amp;p=3457&amp;preview=true\"><span>Freie Diskussion: Das Recht auf Protest (Welttag ohne Gewalt)<\/span><\/a><\/p>\n","protected":false},"excerpt":{"rendered":"<p>Das Redetreffen der norddeutschen Delegation fand am Sonntag, den 16. Oktober 2022 um 12:00 Uhr mitteleurop\u00e4ischer Zeit in Anwesenheit einer Gruppe von Menschenrechtsaktivisten und anderen G\u00e4sten \u00fcber den virtuellen Raum von Zoom, YouTube und die Anwendung des Zentrums statt , unter der Leitung von Farida Farai.\u00a0Die Referenten sind: 1- Beginn der Sitzung: Farida Farai 2- &hellip; <\/p>\n<p><a class=\"more-link btn\" href=\"https:\/\/deutsch.bashariyat.org\/?p=6689\">Weiterlesen<\/a><\/p>\n","protected":false},"author":2,"featured_media":0,"comment_status":"closed","ping_status":"closed","sticky":false,"template":"","format":"standard","meta":{"footnotes":""},"categories":[1],"tags":[],"class_list":["post-6689","post","type-post","status-publish","format-standard","hentry","category-allgemein","item-wrap"],"_links":{"self":[{"href":"https:\/\/deutsch.bashariyat.org\/index.php?rest_route=\/wp\/v2\/posts\/6689","targetHints":{"allow":["GET"]}}],"collection":[{"href":"https:\/\/deutsch.bashariyat.org\/index.php?rest_route=\/wp\/v2\/posts"}],"about":[{"href":"https:\/\/deutsch.bashariyat.org\/index.php?rest_route=\/wp\/v2\/types\/post"}],"author":[{"embeddable":true,"href":"https:\/\/deutsch.bashariyat.org\/index.php?rest_route=\/wp\/v2\/users\/2"}],"replies":[{"embeddable":true,"href":"https:\/\/deutsch.bashariyat.org\/index.php?rest_route=%2Fwp%2Fv2%2Fcomments&post=6689"}],"version-history":[{"count":1,"href":"https:\/\/deutsch.bashariyat.org\/index.php?rest_route=\/wp\/v2\/posts\/6689\/revisions"}],"predecessor-version":[{"id":6690,"href":"https:\/\/deutsch.bashariyat.org\/index.php?rest_route=\/wp\/v2\/posts\/6689\/revisions\/6690"}],"wp:attachment":[{"href":"https:\/\/deutsch.bashariyat.org\/index.php?rest_route=%2Fwp%2Fv2%2Fmedia&parent=6689"}],"wp:term":[{"taxonomy":"category","embeddable":true,"href":"https:\/\/deutsch.bashariyat.org\/index.php?rest_route=%2Fwp%2Fv2%2Fcategories&post=6689"},{"taxonomy":"post_tag","embeddable":true,"href":"https:\/\/deutsch.bashariyat.org\/index.php?rest_route=%2Fwp%2Fv2%2Ftags&post=6689"}],"curies":[{"name":"wp","href":"https:\/\/api.w.org\/{rel}","templated":true}]}}