{"id":7031,"date":"2023-03-05T10:24:22","date_gmt":"2023-03-05T09:24:22","guid":{"rendered":"https:\/\/deutsch.bashariyat.org\/?p=7031"},"modified":"2023-03-05T10:24:22","modified_gmt":"2023-03-05T09:24:22","slug":"audio-und-videobericht-des-redetreffens-der-vertreter-der-region-europa-am-12-februar-2023","status":"publish","type":"post","link":"https:\/\/deutsch.bashariyat.org\/?p=7031","title":{"rendered":"Audio- und Videobericht des Redetreffens der Vertreter der Region Europa am 12. Februar 2023"},"content":{"rendered":"<p style=\"text-align: justify;\"><span>Audio- und Videobericht der Redesitzung des Vertreters der Region Europa, 12. Februar 2023<\/span><br \/>\n<span>Das Redetreffen des Vertreters der europ\u00e4ischen Region fand am 12. Februar 2023 um 13:00 Uhr mitteleurop\u00e4ischer Zeit in Anwesenheit einer Gruppe von Menschenrechtsaktivisten und anderen G\u00e4sten \u00fcber den virtuellen Raum von Zoom, YouTube und die Anwendung Kanon statt das Management von Herrn Sepehr Rezaei Shayan.\u00a0Die Redner sind: 1) Er\u00f6ffnung der Sitzung: Herr Sepehr Rezaei Shayan, 2) Frau Sonia Swarkob: \u00dcberpr\u00fcfung der Stra\u00dfburger Resolution, des ersten Weltkongresses zur Abschaffung der Todesstrafe und ihr Vergleich mit dem Recht der Islamischen Republik Iran, 3) Frau Firouzeh Dehzouri: Die Stellung der Frau im Islam aus Sicht der Islamischen Republik Iran, 4) eine offene Diskussion zum Thema Krisenmanagement und Recht auf Wohnen unter Beteiligung von: Frau Samaneh Birjandi , Frau Firouzeh Dehzoorgi, Herr Mehrdad Yeganeh, Herr Ahad Ghorbani Dehnari und Herr Milad Persehani, die uns bei diesem Treffen geholfen haben.\u00a0Diese sind: Versammlungsleiter: Mr. Sepehr Rezaei Shayan, Versammlungssekret\u00e4rin: Mrs. Sanaz Taneh, Redaktion und Aufzeichnung der Versammlung: Mrs. Leila Ramadan.\u00a0Administratoren: Frau Setare Dezhem, Frau Sanaz Taneh.\u00a0Interessierte k\u00f6nnen die Audioberichte der oben genannten Sitzung \u00fcber die folgenden Audiodateien anh\u00f6ren.\u00a0Sehen Sie sich auch den Videobericht des Treffens \u00fcber den YouTube-Link an:<\/span><\/p>\n<div class=\"embed-container\"><iframe loading=\"lazy\" title=\"\u062c\u0644\u0633\u0647 \u0633\u062e\u0646\u0631\u0627\u0646\u06cc \u0646\u0645\u0627\u06cc\u0646\u062f\u06af\u06cc \u0645\u0646\u0637\u0642\u0647 \u0627\u0631\u0648\u067e\u0627\u060c \u06f1\u06f2 \u0641\u0648\u0631\u06cc\u0647  \u06f2\u06f0\u06f2\u06f3\" width=\"1170\" height=\"658\" src=\"https:\/\/www.youtube.com\/embed\/mgFPsT9fIqw?feature=oembed\" frameborder=\"0\" allow=\"accelerometer; autoplay; clipboard-write; encrypted-media; gyroscope; picture-in-picture; web-share\" referrerpolicy=\"strict-origin-when-cross-origin\" allowfullscreen><\/iframe><\/div>\n<p><!--more--><\/p>\n<div class=\"embed-container\"><iframe loading=\"lazy\" title=\"\u062c\u0644\u0633\u0647 \u0633\u062e\u0646\u0631\u0627\u0646\u06cc \u0646\u0645\u0627\u06cc\u0646\u062f\u06af\u06cc \u0645\u0646\u0637\u0642\u0647 \u0627\u0631\u0648\u067e\u0627\u060c \u06f1\u06f2 \u0641\u0648\u0631\u06cc\u0647  \u06f2\u06f0\u06f2\u06f3\" width=\"1170\" height=\"658\" src=\"https:\/\/www.youtube.com\/embed\/mgFPsT9fIqw?feature=oembed\" frameborder=\"0\" allow=\"accelerometer; autoplay; clipboard-write; encrypted-media; gyroscope; picture-in-picture; web-share\" referrerpolicy=\"strict-origin-when-cross-origin\" allowfullscreen><\/iframe><\/div>\n","protected":false},"excerpt":{"rendered":"<p>Audio- und Videobericht der Redesitzung des Vertreters der Region Europa, 12. Februar 2023 Das Redetreffen des Vertreters der europ\u00e4ischen Region fand am 12. Februar 2023 um 13:00 Uhr mitteleurop\u00e4ischer Zeit in Anwesenheit einer Gruppe von Menschenrechtsaktivisten und anderen G\u00e4sten \u00fcber den virtuellen Raum von Zoom, YouTube und die Anwendung Kanon statt das Management von Herrn &hellip; <\/p>\n<p><a class=\"more-link btn\" href=\"https:\/\/deutsch.bashariyat.org\/?p=7031\">Weiterlesen<\/a><\/p>\n","protected":false},"author":2,"featured_media":0,"comment_status":"closed","ping_status":"closed","sticky":false,"template":"","format":"standard","meta":{"footnotes":""},"categories":[1],"tags":[],"class_list":["post-7031","post","type-post","status-publish","format-standard","hentry","category-allgemein","item-wrap"],"_links":{"self":[{"href":"https:\/\/deutsch.bashariyat.org\/index.php?rest_route=\/wp\/v2\/posts\/7031","targetHints":{"allow":["GET"]}}],"collection":[{"href":"https:\/\/deutsch.bashariyat.org\/index.php?rest_route=\/wp\/v2\/posts"}],"about":[{"href":"https:\/\/deutsch.bashariyat.org\/index.php?rest_route=\/wp\/v2\/types\/post"}],"author":[{"embeddable":true,"href":"https:\/\/deutsch.bashariyat.org\/index.php?rest_route=\/wp\/v2\/users\/2"}],"replies":[{"embeddable":true,"href":"https:\/\/deutsch.bashariyat.org\/index.php?rest_route=%2Fwp%2Fv2%2Fcomments&post=7031"}],"version-history":[{"count":1,"href":"https:\/\/deutsch.bashariyat.org\/index.php?rest_route=\/wp\/v2\/posts\/7031\/revisions"}],"predecessor-version":[{"id":7032,"href":"https:\/\/deutsch.bashariyat.org\/index.php?rest_route=\/wp\/v2\/posts\/7031\/revisions\/7032"}],"wp:attachment":[{"href":"https:\/\/deutsch.bashariyat.org\/index.php?rest_route=%2Fwp%2Fv2%2Fmedia&parent=7031"}],"wp:term":[{"taxonomy":"category","embeddable":true,"href":"https:\/\/deutsch.bashariyat.org\/index.php?rest_route=%2Fwp%2Fv2%2Fcategories&post=7031"},{"taxonomy":"post_tag","embeddable":true,"href":"https:\/\/deutsch.bashariyat.org\/index.php?rest_route=%2Fwp%2Fv2%2Ftags&post=7031"}],"curies":[{"name":"wp","href":"https:\/\/api.w.org\/{rel}","templated":true}]}}