{"id":7035,"date":"2023-03-05T10:25:47","date_gmt":"2023-03-05T09:25:47","guid":{"rendered":"https:\/\/deutsch.bashariyat.org\/?p=7035"},"modified":"2024-06-08T05:47:05","modified_gmt":"2024-06-08T04:47:05","slug":"audio-und-videobericht-der-norddeutschen-delegation-vom-19-februar-2023","status":"publish","type":"post","link":"https:\/\/deutsch.bashariyat.org\/?p=7035","title":{"rendered":"Audio- und Videobericht der norddeutschen Delegation vom 19. Februar 2023"},"content":{"rendered":"<p style=\"text-align: justify;\">Audio- und Videobericht des Vertreters Norddeutschlands, 19. Februar 2023<br \/>\nDas Redetreffen der norddeutschen Delegation fand am Sonntag, den 19. Februar 2023 um 12:00 Uhr mitteleurop\u00e4ischer Zeit in Anwesenheit einer Gruppe von Menschenrechtsaktivisten und anderen G\u00e4sten \u00fcber den virtuellen Raum von Zoom, YouTube und die Anwendung von Kanon statt, unter das Management von Narges Mubasherifar. Die Referenten sind: 1) Er\u00f6ffnung der Sitzung: Narges Mubasheri Far, 2) Zohra Haq Baali: Muttersprache und ihr Vergleich mit der Verfassung der Islamischen Republik, 3) Hossein Moradizadeh: H\u00e4usliche Gewalt im Iran, 4) freie Diskussion \u00fcber die Thema des Welttages der sozialen Gerechtigkeit mit der Teilnahme von: Mansoura Sadeghi, Simin Pourbrodfan, Farshad Arabi, Zohra Haq-Ba-ali, Abbas Monfared, die Kollegen, die uns bei diesem Treffen geholfen haben, sind: Leiter des Treffens: Narges Mubasheri Far, Sekret\u00e4r des Treffens: Arghvan Fardipour, Tonoperator und Redakteur: Farshad Arabi, Mansoura Sadeghi, Administratoren: Simin Pourbrodfen, Ali Salehi, Interessierte k\u00f6nnen sich den Audiobericht des oben genannten Treffens \u00fcber die folgenden Audiodateien anh\u00f6ren. Sehen Sie sich auch den Videobericht des Treffens \u00fcber den YouTube-Link an:<\/p>\n<div class=\"embed-container\"><iframe loading=\"lazy\" title=\"\u062c\u0644\u0633\u0647 \u0633\u062e\u0646\u0631\u0627\u0646\u06cc \u0646\u0645\u0627\u06cc\u0646\u062f\u06af\u06cc \u0645\u0646\u0637\u0642\u0647 \u0634\u0645\u0627\u0644 \u0622\u0644\u0645\u0627\u0646\u060c \u06f1\u06f9 \u0641\u0648\u0631\u06cc\u0647 \u06f2\u06f0\u06f2\u06f3\" width=\"1170\" height=\"658\" src=\"https:\/\/www.youtube.com\/embed\/B953w4J9hyE?feature=oembed\" frameborder=\"0\" allow=\"accelerometer; autoplay; clipboard-write; encrypted-media; gyroscope; picture-in-picture; web-share\" referrerpolicy=\"strict-origin-when-cross-origin\" allowfullscreen><\/iframe><\/div>\n<p><!--more--><\/p>\n<p><a href=\"https:\/\/bashariyat.org\/cloudspot\/blog\/ms-music\/%da%af%d8%b2%d8%a7%d8%b1%d8%b4-%d8%b5%d9%88%d8%aa%db%8c-%d9%88-%d8%aa%d8%b5%d9%88%db%8c%d8%b1%db%8c-%d9%86%d9%85%d8%a7%db%8c%d9%86%d8%af%da%af%db%8c-%d8%b4%d9%85%d8%a7%d9%84-%d8%a2%d9%84%d9%85-37\/\">Beginn der Sitzung: Narges Moshebari Far<\/a><\/p>\n<p><a href=\"https:\/\/bashariyat.org\/cloudspot\/blog\/ms-music\/%da%af%d8%b2%d8%a7%d8%b1%d8%b4-%d8%b5%d9%88%d8%aa%db%8c-%d9%88-%d8%aa%d8%b5%d9%88%db%8c%d8%b1%db%8c-%d9%86%d9%85%d8%a7%db%8c%d9%86%d8%af%da%af%db%8c-%d8%b4%d9%85%d8%a7%d9%84-%d8%a2%d9%84%d9%85-38\/\">Zohra Haq Ba&#8217;ali: Muttersprache und ihr Vergleich mit der Verfassung der Islamischen Republik<\/a><\/p>\n<p><a href=\"https:\/\/bashariyat.org\/cloudspot\/blog\/ms-music\/%da%af%d8%b2%d8%a7%d8%b1%d8%b4-%d8%b5%d9%88%d8%aa%db%8c-%d9%88-%d8%aa%d8%b5%d9%88%db%8c%d8%b1%db%8c-%d9%86%d9%85%d8%a7%db%8c%d9%86%d8%af%da%af%db%8c-%d8%b4%d9%85%d8%a7%d9%84-%d8%a2%d9%84%d9%85-39\/\">Hossein Moradizadeh: H\u00e4usliche Gewalt im Iran<\/a><\/p>\n<p><a href=\"https:\/\/bashariyat.org\/cloudspot\/blog\/ms-music\/%da%af%d8%b2%d8%a7%d8%b1%d8%b4-%d8%b5%d9%88%d8%aa%db%8c-%d9%88-%d8%aa%d8%b5%d9%88%db%8c%d8%b1%db%8c-%d9%86%d9%85%d8%a7%db%8c%d9%86%d8%af%da%af%db%8c-%d8%b4%d9%85%d8%a7%d9%84-%d8%a2%d9%84%d9%85-40\/\">Offene Diskussion: Welttag der sozialen Gerechtigkeit<\/a><\/p>\n<p>&nbsp;<\/p>\n","protected":false},"excerpt":{"rendered":"<p>Audio- und Videobericht des Vertreters Norddeutschlands, 19. Februar 2023 Das Redetreffen der norddeutschen Delegation fand am Sonntag, den 19. Februar 2023 um 12:00 Uhr mitteleurop\u00e4ischer Zeit in Anwesenheit einer Gruppe von Menschenrechtsaktivisten und anderen G\u00e4sten \u00fcber den virtuellen Raum von Zoom, YouTube und die Anwendung von Kanon statt, unter das Management von Narges Mubasherifar. Die &hellip; <\/p>\n<p><a class=\"more-link btn\" href=\"https:\/\/deutsch.bashariyat.org\/?p=7035\">Weiterlesen<\/a><\/p>\n","protected":false},"author":2,"featured_media":0,"comment_status":"closed","ping_status":"closed","sticky":false,"template":"","format":"standard","meta":{"footnotes":""},"categories":[1],"tags":[],"class_list":["post-7035","post","type-post","status-publish","format-standard","hentry","category-allgemein","item-wrap"],"_links":{"self":[{"href":"https:\/\/deutsch.bashariyat.org\/index.php?rest_route=\/wp\/v2\/posts\/7035","targetHints":{"allow":["GET"]}}],"collection":[{"href":"https:\/\/deutsch.bashariyat.org\/index.php?rest_route=\/wp\/v2\/posts"}],"about":[{"href":"https:\/\/deutsch.bashariyat.org\/index.php?rest_route=\/wp\/v2\/types\/post"}],"author":[{"embeddable":true,"href":"https:\/\/deutsch.bashariyat.org\/index.php?rest_route=\/wp\/v2\/users\/2"}],"replies":[{"embeddable":true,"href":"https:\/\/deutsch.bashariyat.org\/index.php?rest_route=%2Fwp%2Fv2%2Fcomments&post=7035"}],"version-history":[{"count":2,"href":"https:\/\/deutsch.bashariyat.org\/index.php?rest_route=\/wp\/v2\/posts\/7035\/revisions"}],"predecessor-version":[{"id":8378,"href":"https:\/\/deutsch.bashariyat.org\/index.php?rest_route=\/wp\/v2\/posts\/7035\/revisions\/8378"}],"wp:attachment":[{"href":"https:\/\/deutsch.bashariyat.org\/index.php?rest_route=%2Fwp%2Fv2%2Fmedia&parent=7035"}],"wp:term":[{"taxonomy":"category","embeddable":true,"href":"https:\/\/deutsch.bashariyat.org\/index.php?rest_route=%2Fwp%2Fv2%2Fcategories&post=7035"},{"taxonomy":"post_tag","embeddable":true,"href":"https:\/\/deutsch.bashariyat.org\/index.php?rest_route=%2Fwp%2Fv2%2Ftags&post=7035"}],"curies":[{"name":"wp","href":"https:\/\/api.w.org\/{rel}","templated":true}]}}