{"id":7037,"date":"2023-03-05T10:26:48","date_gmt":"2023-03-05T09:26:48","guid":{"rendered":"https:\/\/deutsch.bashariyat.org\/?p=7037"},"modified":"2023-03-05T10:26:48","modified_gmt":"2023-03-05T09:26:48","slug":"audio-und-videobericht-des-ausschusses-zur-verteidigung-der-rechte-von-kunst-und-kuenstlern-16-februar-2023","status":"publish","type":"post","link":"https:\/\/deutsch.bashariyat.org\/?p=7037","title":{"rendered":"Audio- und Videobericht des Ausschusses zur Verteidigung der Rechte von Kunst und K\u00fcnstlern, 16. Februar 2023"},"content":{"rendered":"<p><span>Audio- und Videobericht des Ausschusses zur Verteidigung der Rechte von Kunst und K\u00fcnstlern, 16. Februar 2023<\/span><\/p>\n<p style=\"text-align: justify;\"><span>Die Vortragssitzung des Komitees zur Verteidigung von Kunst und K\u00fcnstlern am 16. Februar 2023 um 18:00 Uhr MEZ in Anwesenheit des Beamten und der Mitglieder des Komitees zur Verteidigung von Kunst und K\u00fcnstlern, Referenten, einer Gruppe von Menschenrechtsaktivisten und andere G\u00e4ste im virtuellen Raum von Zoom, YouTube, Die Anwendung und das Fernsehen des Zentrums f\u00fcr die Verteidigung der Menschenrechte fanden im Iran statt.\u00a0Zu Beginn des Treffens er\u00f6ffnete Frau Mena Ahmadipour, Leiterin des Treffens, das Treffen offiziell, begr\u00fc\u00dfte alle Teilnehmer und stellte die Redner und das Thema ihrer Rede vor.\u00a01) Beginn des Treffens: Mena Ahmadipour, 2) Zahra Bajlan: Bericht und Analyse von Verletzungen der Rechte von Kunst und K\u00fcnstlern im Januar 1401 3) Aylar Esmaili: \u00dcberpr\u00fcfung und Analyse der Konvention zur Erhaltung und F\u00f6rderung der Vielfalt von Kulturelle Manifestationen und ihr Vergleich mit der Verfassung der Islamischen Republik Iran 4) Mehin Eider: Analyse der Leistung des Ministeriums f\u00fcr Kultur und Islamische F\u00fchrung 5) Freie Diskussion: Das Recht auf Meinungs- und Gedankenfreiheit (Beteiligung von Kunststudenten und -professoren in der Protestbewegung und ihren Folgen) unter Beteiligung von:\u00a0Roza Jahanbin, Zahra Bajlan, Mena Ahmadipour, Saeed Pourmand.\u00a0Kollegen, die uns bei diesem Treffen geholfen haben.\u00a0Diese sind: die f\u00fcr das Treffen verantwortliche Person: Mena Ahmadipour, Schnitt und Tonaufnahme: Saeed Pourmand, Pouya Hasabi, Sekret\u00e4rin des Treffens: Marzieh Mahdieh, Admin: Marjan Shabannejad, Kausar Valizadeh, Roza Jahanbin.\u00a0Interessierte k\u00f6nnen die Audioberichte der oben genannten Sitzung \u00fcber die Audiodateien anh\u00f6ren.\u00a0Sehen Sie sich auch den Videobericht des Treffens \u00fcber den YouTube-Link an:<\/span><\/p>\n<div class=\"embed-container\"><iframe loading=\"lazy\" title=\"\u062c\u0644\u0633\u0647 \u0633\u062e\u0646\u0631\u0627\u0646\u06cc \u06a9\u0645\u06cc\u062a\u0647 \u062f\u0641\u0627\u0639 \u0627\u0632 \u062d\u0642\u0648\u0642 \u0647\u0646\u0631 \u0648 \u0647\u0646\u0631\u0645\u0646\u062f\u0627\u0646\u060c \u06f1\u06f6 \u0641\u0648\u0631\u06cc\u0647 \u06f2\u06f0\u06f2\u06f3\" width=\"1170\" height=\"658\" src=\"https:\/\/www.youtube.com\/embed\/Te65cf9tIZ4?feature=oembed\" frameborder=\"0\" allow=\"accelerometer; autoplay; clipboard-write; encrypted-media; gyroscope; picture-in-picture; web-share\" referrerpolicy=\"strict-origin-when-cross-origin\" allowfullscreen><\/iframe><\/div>\n<p><!--more--><\/p>\n<p><a href=\"https:\/\/bashariyat.org\/cloudspot\/blog\/ms-music\/%da%af%d8%b2%d8%a7%d8%b1%d8%b4-%d8%b5%d9%88%d8%aa%db%8c-%d9%88-%d8%aa%d8%b5%d9%88%db%8c%d8%b1%db%8c-%da%a9%d9%85%db%8c%d8%aa%d9%87-%d8%af%d9%81%d8%a7%d8%b9-%d8%a7%d8%b2-%d8%ad%d9%82%d9%88%d9%82-307\/\"><span>Beginn der Sitzung: Mena Ahmadipour<\/span><\/a><\/p>\n<p><a href=\"https:\/\/bashariyat.org\/cloudspot\/blog\/ms-music\/%da%af%d8%b2%d8%a7%d8%b1%d8%b4-%d8%b5%d9%88%d8%aa%db%8c-%d9%88-%d8%aa%d8%b5%d9%88%db%8c%d8%b1%db%8c-%da%a9%d9%85%db%8c%d8%aa%d9%87-%d8%af%d9%81%d8%a7%d8%b9-%d8%a7%d8%b2-%d8%ad%d9%82%d9%88%d9%82-308\/\"><span>Zahra Bajlan: Bericht und Analyse von Kunst- und K\u00fcnstlerrechtsverletzungen im Januar 1401<\/span><\/a><\/p>\n<p><a href=\"https:\/\/bashariyat.org\/cloudspot\/blog\/ms-music\/%da%af%d8%b2%d8%a7%d8%b1%d8%b4-%d8%b5%d9%88%d8%aa%db%8c-%d9%88-%d8%aa%d8%b5%d9%88%db%8c%d8%b1%db%8c-%da%a9%d9%85%db%8c%d8%aa%d9%87-%d8%af%d9%81%d8%a7%d8%b9-%d8%a7%d8%b2-%d8%ad%d9%82%d9%88%d9%82-309\/\"><span>Aylar Esmaili: \u00dcberpr\u00fcfung und Analyse der Konvention zur Erhaltung und F\u00f6rderung der Vielfalt kultureller Manifestationen und ihr Vergleich mit der Verfassung der Islamischen Republik Iran<\/span><\/a><\/p>\n<p><a href=\"https:\/\/bashariyat.org\/cloudspot\/blog\/ms-music\/%da%af%d8%b2%d8%a7%d8%b1%d8%b4-%d8%b5%d9%88%d8%aa%db%8c-%d9%88-%d8%aa%d8%b5%d9%88%db%8c%d8%b1%db%8c-%da%a9%d9%85%db%8c%d8%aa%d9%87-%d8%af%d9%81%d8%a7%d8%b9-%d8%a7%d8%b2-%d8%ad%d9%82%d9%88%d9%82-310\/\"><span>Mahin Eider: Analyse der Leistung des Ministeriums f\u00fcr Kultur und Islamische F\u00fchrung<\/span><\/a><\/p>\n<p><a href=\"https:\/\/bashariyat.org\/cloudspot\/blog\/ms-music\/%da%af%d8%b2%d8%a7%d8%b1%d8%b4-%d8%b5%d9%88%d8%aa%db%8c-%d9%88-%d8%aa%d8%b5%d9%88%db%8c%d8%b1%db%8c-%da%a9%d9%85%db%8c%d8%aa%d9%87-%d8%af%d9%81%d8%a7%d8%b9-%d8%a7%d8%b2-%d8%ad%d9%82%d9%88%d9%82-311\/\"><span>Freie Debatte: Das Recht auf Meinungs- und Gedankenfreiheit (Teilnahme von Kunststudenten und -professoren an der Protestbewegung und ihren Folgen)<\/span><\/a><\/p>\n","protected":false},"excerpt":{"rendered":"<p>Audio- und Videobericht des Ausschusses zur Verteidigung der Rechte von Kunst und K\u00fcnstlern, 16. Februar 2023 Die Vortragssitzung des Komitees zur Verteidigung von Kunst und K\u00fcnstlern am 16. Februar 2023 um 18:00 Uhr MEZ in Anwesenheit des Beamten und der Mitglieder des Komitees zur Verteidigung von Kunst und K\u00fcnstlern, Referenten, einer Gruppe von Menschenrechtsaktivisten und &hellip; <\/p>\n<p><a class=\"more-link btn\" href=\"https:\/\/deutsch.bashariyat.org\/?p=7037\">Weiterlesen<\/a><\/p>\n","protected":false},"author":2,"featured_media":0,"comment_status":"closed","ping_status":"closed","sticky":false,"template":"","format":"standard","meta":{"footnotes":""},"categories":[1],"tags":[],"class_list":["post-7037","post","type-post","status-publish","format-standard","hentry","category-allgemein","item-wrap"],"_links":{"self":[{"href":"https:\/\/deutsch.bashariyat.org\/index.php?rest_route=\/wp\/v2\/posts\/7037","targetHints":{"allow":["GET"]}}],"collection":[{"href":"https:\/\/deutsch.bashariyat.org\/index.php?rest_route=\/wp\/v2\/posts"}],"about":[{"href":"https:\/\/deutsch.bashariyat.org\/index.php?rest_route=\/wp\/v2\/types\/post"}],"author":[{"embeddable":true,"href":"https:\/\/deutsch.bashariyat.org\/index.php?rest_route=\/wp\/v2\/users\/2"}],"replies":[{"embeddable":true,"href":"https:\/\/deutsch.bashariyat.org\/index.php?rest_route=%2Fwp%2Fv2%2Fcomments&post=7037"}],"version-history":[{"count":1,"href":"https:\/\/deutsch.bashariyat.org\/index.php?rest_route=\/wp\/v2\/posts\/7037\/revisions"}],"predecessor-version":[{"id":7038,"href":"https:\/\/deutsch.bashariyat.org\/index.php?rest_route=\/wp\/v2\/posts\/7037\/revisions\/7038"}],"wp:attachment":[{"href":"https:\/\/deutsch.bashariyat.org\/index.php?rest_route=%2Fwp%2Fv2%2Fmedia&parent=7037"}],"wp:term":[{"taxonomy":"category","embeddable":true,"href":"https:\/\/deutsch.bashariyat.org\/index.php?rest_route=%2Fwp%2Fv2%2Fcategories&post=7037"},{"taxonomy":"post_tag","embeddable":true,"href":"https:\/\/deutsch.bashariyat.org\/index.php?rest_route=%2Fwp%2Fv2%2Ftags&post=7037"}],"curies":[{"name":"wp","href":"https:\/\/api.w.org\/{rel}","templated":true}]}}