{"id":7047,"date":"2023-03-05T10:30:35","date_gmt":"2023-03-05T09:30:35","guid":{"rendered":"https:\/\/deutsch.bashariyat.org\/?p=7047"},"modified":"2023-03-05T10:30:35","modified_gmt":"2023-03-05T09:30:35","slug":"aufruf-zur-sitzung-des-arbeits-und-arbeitsrechtsverteidigungsausschusses-am-4-maerz-2023","status":"publish","type":"post","link":"https:\/\/deutsch.bashariyat.org\/?p=7047","title":{"rendered":"Aufruf zur Sitzung des Arbeits- und Arbeitsrechtsverteidigungsausschusses am 4. M\u00e4rz 2023"},"content":{"rendered":"<p><img decoding=\"async\" src=\"https:\/\/deutsch.bashariyat.org\/wp-content\/uploads\/2020\/11\/stempel-einladung-constanze-pro2.jpg\" \/><\/p>\n<p><span><strong>Sie wird vom Labour and Workers&#8216;\u00a0<\/strong><\/span><strong><span>Rights\u00a0<\/span><\/strong><span><strong>Defense Committee organisiert<\/strong><\/span><\/p>\n<p><span>Liebe Menschenrechtler, Experten und Kolleginnen und Kollegen, Sie sind eingeladen, uns bei dieser Rederunde zu begleiten.<\/span><\/p>\n<p><strong><span>Rede\u00a0<\/span><\/strong><strong><span>,\u00a0<\/span><\/strong><strong><span>Frage und Antwort, Diskussion<\/span><\/strong><!--more--><\/p>\n<p><strong><span>Referenten und Vortragsthema:<\/span><\/strong><\/p>\n<p><strong>\u00a0<\/strong><\/p>\n<p><span>Abdul Majid Bazdaran:<\/span><\/p>\n<p><span>Bericht und Analyse von Arbeits- und Arbeitnehmerrechtsverletzungen im Februar 1401<\/span><\/p>\n<p><span>Ghazale al-Sadat Abtahi:<\/span><\/p>\n<p><span>\u00dcberpr\u00fcfung von Artikel 10 der Allgemeinen Erkl\u00e4rung der Menschenrechte<\/span><\/p>\n<p><span>und vergleicht sie mit der Verfassung der Islamischen Republik Iran<\/span><\/p>\n<p><span>Mehdi Afsharzadeh:<\/span><\/p>\n<p><span>Rechtliche Diskriminierung<\/span><\/p>\n<p><strong><span>Diskussion, Fragen und Antworten am Ende jedes Abschnitts<\/span><\/strong><\/p>\n<p>&nbsp;<\/p>\n<p><strong><span>Freie Rede:<\/span><\/strong><\/p>\n<p><strong><span>Das Recht auf Wohlfahrt und soziale Sicherheit<\/span><\/strong><\/p>\n<p><strong><span>(Die Folgen\u00a0<\/span><\/strong><strong><span>des Lebens im Schatten eines diktatorischen Regimes\u00a0<\/span><\/strong><strong><span>)<\/span><\/strong><\/p>\n<p><strong>\u00a0<\/strong><\/p>\n<p><strong><span>Am Ende der Prognose und Planung der Aktivit\u00e4ten des n\u00e4chsten Monats<\/span><\/strong><\/p>\n<p>&nbsp;<\/p>\n<p><span>Zeit: Samstag, 4. M\u00e4rz 2023 um 16:00 Uhr MEZ<\/span><\/p>\n<p><strong><span>Ort:<\/span><\/strong><span>\u00a01.\u00a0Virtueller Raum zoomen<\/span><\/p>\n<p><u><span>https:\/\/zoom.us\/j\/8057930858?pwd=OTB2U2xEYkd3UlgxRUY5WG43ZlM5dz09<\/span><\/u><\/p>\n<p><span>2.\u00a0Virtueller Raum von Youtube<\/span><\/p>\n<p><a href=\"https:\/\/youtube.com\/channel\/UCjDITs1AOEBapWS2enW92Ug\"><span>https:\/\/youtube.com\/channel\/UCjDITs1AOEBapWS2enW92Ug<\/span><\/a><\/p>\n<p><span>3.\u00a0Kanon-Anwendung (direkte \u00dcbertragung vom Fernsehen)<\/span><\/p>\n<p>&nbsp;<\/p>\n<p><strong><span>Verantwortlich f\u00fcr das Treffen:<\/span><\/strong><span>\u00a0Behnam Shirmohammadi<\/span><\/p>\n<p><strong><span>Sitzungssekret\u00e4r:<\/span><\/strong><span>\u00a0Asad Akbari<\/span><\/p>\n<p><strong><span>Tonaufnahme und Bearbeitung:<\/span><\/strong><span>\u00a0Ehsan Ahmadikhah, Mohammad Golestanjo, Farshid Pourazran<\/span><\/p>\n<p><strong><span>Zentrum f\u00fcr die Verteidigung der Menschenrechte im Iran<\/span><\/strong><\/p>\n<p><strong><span>Komitee zur Verteidigung der Arbeits- und Arbeitnehmerrechte<\/span><\/strong><\/p>\n","protected":false},"excerpt":{"rendered":"<p>Sie wird vom Labour and Workers&#8216;\u00a0Rights\u00a0Defense Committee organisiert Liebe Menschenrechtler, Experten und Kolleginnen und Kollegen, Sie sind eingeladen, uns bei dieser Rederunde zu begleiten. Rede\u00a0,\u00a0Frage und Antwort, Diskussion<\/p><p><a class=\"more-link btn\" href=\"https:\/\/deutsch.bashariyat.org\/?p=7047\">Weiterlesen<\/a><\/p>\n","protected":false},"author":2,"featured_media":0,"comment_status":"closed","ping_status":"closed","sticky":false,"template":"","format":"standard","meta":{"footnotes":""},"categories":[1],"tags":[],"class_list":["post-7047","post","type-post","status-publish","format-standard","hentry","category-allgemein","item-wrap"],"_links":{"self":[{"href":"https:\/\/deutsch.bashariyat.org\/index.php?rest_route=\/wp\/v2\/posts\/7047","targetHints":{"allow":["GET"]}}],"collection":[{"href":"https:\/\/deutsch.bashariyat.org\/index.php?rest_route=\/wp\/v2\/posts"}],"about":[{"href":"https:\/\/deutsch.bashariyat.org\/index.php?rest_route=\/wp\/v2\/types\/post"}],"author":[{"embeddable":true,"href":"https:\/\/deutsch.bashariyat.org\/index.php?rest_route=\/wp\/v2\/users\/2"}],"replies":[{"embeddable":true,"href":"https:\/\/deutsch.bashariyat.org\/index.php?rest_route=%2Fwp%2Fv2%2Fcomments&post=7047"}],"version-history":[{"count":1,"href":"https:\/\/deutsch.bashariyat.org\/index.php?rest_route=\/wp\/v2\/posts\/7047\/revisions"}],"predecessor-version":[{"id":7048,"href":"https:\/\/deutsch.bashariyat.org\/index.php?rest_route=\/wp\/v2\/posts\/7047\/revisions\/7048"}],"wp:attachment":[{"href":"https:\/\/deutsch.bashariyat.org\/index.php?rest_route=%2Fwp%2Fv2%2Fmedia&parent=7047"}],"wp:term":[{"taxonomy":"category","embeddable":true,"href":"https:\/\/deutsch.bashariyat.org\/index.php?rest_route=%2Fwp%2Fv2%2Fcategories&post=7047"},{"taxonomy":"post_tag","embeddable":true,"href":"https:\/\/deutsch.bashariyat.org\/index.php?rest_route=%2Fwp%2Fv2%2Ftags&post=7047"}],"curies":[{"name":"wp","href":"https:\/\/api.w.org\/{rel}","templated":true}]}}