{"id":7053,"date":"2023-03-05T10:32:29","date_gmt":"2023-03-05T09:32:29","guid":{"rendered":"https:\/\/deutsch.bashariyat.org\/?p=7053"},"modified":"2023-03-05T10:32:41","modified_gmt":"2023-03-05T09:32:41","slug":"audio-und-videomitschnitt-des-telefonats-der-sueddeutschen-vertretung-am-26-02-2023","status":"publish","type":"post","link":"https:\/\/deutsch.bashariyat.org\/?p=7053","title":{"rendered":"Audio- und Videomitschnitt des Telefonats der s\u00fcddeutschen Vertretung am 26.02.2023"},"content":{"rendered":"<p style=\"text-align: justify;\">Audio- und Videobericht des s\u00fcddeutschen Vertreteraufrufs vom 26. Februar 2023<br \/>\nDas repr\u00e4sentative Treffen der s\u00fcddeutschen Region fand am Sonntag, den 26. Februar 2023 um 14:00 Uhr mitteleurop\u00e4ischer Zeit in Anwesenheit einer Gruppe von Menschenrechtsaktivisten und anderen G\u00e4sten \u00fcber die Anwendung Zoom, YouTube und Kanon unter der Leitung von Hr. Karim Naseri.\u00a0Zu den Rednern geh\u00f6ren: 1) Beginn des Treffens: Karim Naseri, 2) Dawood Lotfi: \u00dcberpr\u00fcfung von Artikel 3 der Allgemeinen Erkl\u00e4rung der Menschenrechte und sein Vergleich mit der Verfassung der Islamischen Republik Iran, 3) Kimia Ghazelbash: Studentenbewegung in Frauenproteste, das Leben der Freiheit, 4) Offene Diskussion Und mit dem Thema des Rechts auf Demokratie und mit der Teilnahme von: Ehsan Ahmadikhah, Karim Naseri, Reza Shaygan, Dawood Lotfi, Saeed Taif, Samaneh Birjandi.\u00a0Kollegen, die uns bei diesem Treffen geholfen haben, sind: Sitzungsleiter: Karim Naseri, Sitzungssekret\u00e4r: Aylar Esmaili, Audioaufnahme und Bearbeitung: Esfandiar Sangri, Ehsan Ahmadikhah, Administratoren: Abbas Derhi, Sina Ashjaji.\u00a0Interessierte k\u00f6nnen sich den Audiobericht des oben genannten Treffens \u00fcber die folgenden Audiodateien anh\u00f6ren.<\/p>\n<div class=\"embed-container\"><iframe loading=\"lazy\" title=\"\u062c\u0644\u0633\u0647 \u0633\u062e\u0646\u0631\u0627\u0646\u06cc \u0646\u0645\u0627\u06cc\u0646\u062f\u06af\u06cc \u0645\u0646\u0637\u0642\u0647 \u062c\u0646\u0648\u0628 \u0622\u0644\u0645\u0627\u0646\u060c \u06f2\u06f6 \u0641\u0648\u0631\u06cc\u0647 \u06f2\u06f0\u06f2\u06f3\" width=\"1170\" height=\"658\" src=\"https:\/\/www.youtube.com\/embed\/_FFmZCzgjms?feature=oembed\" frameborder=\"0\" allow=\"accelerometer; autoplay; clipboard-write; encrypted-media; gyroscope; picture-in-picture; web-share\" referrerpolicy=\"strict-origin-when-cross-origin\" allowfullscreen><\/iframe><\/div>\n<p><!--more--><\/p>\n<p><a href=\"https:\/\/bashariyat.org\/cloudspot\/blog\/ms-music\/%da%af%d8%b2%d8%a7%d8%b1%d8%b4-%d8%b5%d9%88%d8%aa%db%8c-%d9%88-%d8%aa%d8%b5%d9%88%db%8c%d8%b1%db%8c-%d9%81%d8%b1%d8%a7%d8%ae%d9%88%d8%a7%d9%86-%d9%86%d9%85%d8%a7%db%8c%d9%86%d8%af%da%af%db%8c-22\/\">Beginn der Sitzung: Karim Naseri<\/a><\/p>\n<p><a href=\"https:\/\/bashariyat.org\/cloudspot\/blog\/ms-music\/%da%af%d8%b2%d8%a7%d8%b1%d8%b4-%d8%b5%d9%88%d8%aa%db%8c-%d9%88-%d8%aa%d8%b5%d9%88%db%8c%d8%b1%db%8c-%d9%81%d8%b1%d8%a7%d8%ae%d9%88%d8%a7%d9%86-%d9%86%d9%85%d8%a7%db%8c%d9%86%d8%af%da%af%db%8c-23\/\">Davoud Lotfi: \u00dcberpr\u00fcfung von Artikel 3 der Allgemeinen Erkl\u00e4rung der Menschenrechte und sein Vergleich mit der Verfassung der Islamischen Republik Iran<\/a><\/p>\n<p><a href=\"https:\/\/bashariyat.org\/cloudspot\/blog\/ms-music\/%da%af%d8%b2%d8%a7%d8%b1%d8%b4-%d8%b5%d9%88%d8%aa%db%8c-%d9%88-%d8%aa%d8%b5%d9%88%db%8c%d8%b1%db%8c-%d9%81%d8%b1%d8%a7%d8%ae%d9%88%d8%a7%d9%86-%d9%86%d9%85%d8%a7%db%8c%d9%86%d8%af%da%af%db%8c-24\/\">Kimia Qazalbash: Studentenbewegung in den Frauenprotesten des Lebens in Freiheit<\/a><\/p>\n<p><a href=\"https:\/\/bashariyat.org\/cloudspot\/blog\/ms-music\/%da%af%d8%b2%d8%a7%d8%b1%d8%b4-%d8%b5%d9%88%d8%aa%db%8c-%d9%88-%d8%aa%d8%b5%d9%88%db%8c%d8%b1%db%8c-%d9%81%d8%b1%d8%a7%d8%ae%d9%88%d8%a7%d9%86-%d9%86%d9%85%d8%a7%db%8c%d9%86%d8%af%da%af%db%8c-25\/\">Freie Debatte: Die Frage des Rechts auf Demokratie<\/a><\/p>\n","protected":false},"excerpt":{"rendered":"<p>Audio- und Videobericht des s\u00fcddeutschen Vertreteraufrufs vom 26. Februar 2023 Das repr\u00e4sentative Treffen der s\u00fcddeutschen Region fand am Sonntag, den 26. Februar 2023 um 14:00 Uhr mitteleurop\u00e4ischer Zeit in Anwesenheit einer Gruppe von Menschenrechtsaktivisten und anderen G\u00e4sten \u00fcber die Anwendung Zoom, YouTube und Kanon unter der Leitung von Hr. Karim Naseri.\u00a0Zu den Rednern geh\u00f6ren: 1) &hellip; <\/p>\n<p><a class=\"more-link btn\" href=\"https:\/\/deutsch.bashariyat.org\/?p=7053\">Weiterlesen<\/a><\/p>\n","protected":false},"author":2,"featured_media":0,"comment_status":"closed","ping_status":"closed","sticky":false,"template":"","format":"standard","meta":{"footnotes":""},"categories":[1],"tags":[],"class_list":["post-7053","post","type-post","status-publish","format-standard","hentry","category-allgemein","item-wrap"],"_links":{"self":[{"href":"https:\/\/deutsch.bashariyat.org\/index.php?rest_route=\/wp\/v2\/posts\/7053","targetHints":{"allow":["GET"]}}],"collection":[{"href":"https:\/\/deutsch.bashariyat.org\/index.php?rest_route=\/wp\/v2\/posts"}],"about":[{"href":"https:\/\/deutsch.bashariyat.org\/index.php?rest_route=\/wp\/v2\/types\/post"}],"author":[{"embeddable":true,"href":"https:\/\/deutsch.bashariyat.org\/index.php?rest_route=\/wp\/v2\/users\/2"}],"replies":[{"embeddable":true,"href":"https:\/\/deutsch.bashariyat.org\/index.php?rest_route=%2Fwp%2Fv2%2Fcomments&post=7053"}],"version-history":[{"count":2,"href":"https:\/\/deutsch.bashariyat.org\/index.php?rest_route=\/wp\/v2\/posts\/7053\/revisions"}],"predecessor-version":[{"id":7055,"href":"https:\/\/deutsch.bashariyat.org\/index.php?rest_route=\/wp\/v2\/posts\/7053\/revisions\/7055"}],"wp:attachment":[{"href":"https:\/\/deutsch.bashariyat.org\/index.php?rest_route=%2Fwp%2Fv2%2Fmedia&parent=7053"}],"wp:term":[{"taxonomy":"category","embeddable":true,"href":"https:\/\/deutsch.bashariyat.org\/index.php?rest_route=%2Fwp%2Fv2%2Fcategories&post=7053"},{"taxonomy":"post_tag","embeddable":true,"href":"https:\/\/deutsch.bashariyat.org\/index.php?rest_route=%2Fwp%2Fv2%2Ftags&post=7053"}],"curies":[{"name":"wp","href":"https:\/\/api.w.org\/{rel}","templated":true}]}}