{"id":7059,"date":"2023-04-02T10:17:19","date_gmt":"2023-04-02T09:17:19","guid":{"rendered":"https:\/\/deutsch.bashariyat.org\/?p=7059"},"modified":"2023-04-02T10:17:19","modified_gmt":"2023-04-02T09:17:19","slug":"aufruf-zu-einer-sitzung-des-komitees-zur-verteidigung-der-rechte-iranischer-ethnien-und-nationen-am-11-maerz-2023","status":"publish","type":"post","link":"https:\/\/deutsch.bashariyat.org\/?p=7059","title":{"rendered":"Aufruf zu einer Sitzung des Komitees zur Verteidigung der Rechte iranischer Ethnien und Nationen am 11. M\u00e4rz 2023"},"content":{"rendered":"<p><img decoding=\"async\" src=\"https:\/\/deutsch.bashariyat.org\/wp-content\/uploads\/2020\/11\/stempel-einladung-constanze-pro2.jpg\" \/><\/p>\n<p style=\"text-align: center;\"><strong>Iranisches Komitee zur Verteidigung der<\/strong>\u00a0<strong>Rechte<\/strong>\u00a0<strong>ethnischer Gruppen<\/strong><strong>\u00a0und Nationen<\/strong><\/p>\n<p style=\"text-align: center;\">Ihr Menschenrechtsaktivisten, Experten und Kollegen seid eingeladen, uns zu diesem Vortrag zu begleiten.<\/p>\n<p style=\"text-align: center;\"><strong>Vortr\u00e4ge<\/strong>,\u00a0<strong>Fragen und Antworten, Diskussionen<\/strong><!--more--><\/p>\n<p><strong>Referenten und Vortragsthema:<\/strong><\/p>\n<p><strong>\u00a0<\/strong><\/p>\n<p>Zahra Rahay:<\/p>\n<p>Bericht und Analyse der Verletzungen der Rechte ethnischer Gruppen und Nationen im Februar 1401<\/p>\n<p>Ghazala al-Sadat Abtahi:<\/p>\n<p>\u00dcbereinkommen \u00fcber das Verbot der Massenbestrafung (V\u00f6lkermord) Artikel 3-6<\/p>\n<p>Und vergleicht man es mit der Verfassung der Islamischen Republik Iran<\/p>\n<p>Mehdi Afsharzadeh:<\/p>\n<p>Rassendiskriminierung<\/p>\n<p><strong>Austausch von Ideen, Fragen und Antworten am Ende jedes Abschnitts<\/strong><\/p>\n<p>&nbsp;<\/p>\n<p><strong>Offene Diskussion:<\/strong><\/p>\n<p><strong>Das Recht auf eine sch\u00f6ne und freie Welt\u00a0<\/strong>(Kette der Diktatur)<\/p>\n<p><strong>\u00a0<\/strong><\/p>\n<p>&nbsp;<\/p>\n<p>Wann: Samstag, 11. M\u00e4rz 2023 um 14:00 Uhr CTE<\/p>\n<p><strong>Ort:<\/strong>\u00a01. Zoum Cyberspace<\/p>\n<p><u>https:\/\/zoom.us\/j\/8057930858?pwd=OTB2U2xEYkd3UlgxRUY5WG43ZlM5dz09<\/u><\/p>\n<p>2. YouTube Cyberspace<\/p>\n<p><a href=\"https:\/\/youtube.com\/channel\/UCjDITs1AOEBapWS2enW92Ug\">https:\/\/youtube.com\/channel\/UCjDITs1AOEBapWS2enW92Ug<\/a><\/p>\n<p>3. Kanun-App (Live-Streaming vom Fernsehen)<\/p>\n<p>&nbsp;<\/p>\n<p><strong>Referent des Treffens:\u00a0<\/strong>Karim Naseri<\/p>\n<p><strong>Sekret\u00e4rin der Sitzung:\u00a0<\/strong>Leila Aboutalebi<\/p>\n<p><strong>Tonaufnahme und Schnitt:\u00a0<\/strong>Mohammad Resul Portendhurst, Parisa Nikonam Nizami<strong>,\u00a0<\/strong>Hassan Hamzehzadeh<\/p>\n<p><strong>\u00a0<\/strong><\/p>\n<p><strong>Zentrum f\u00fcr die Verteidigung der Menschenrechte im Iran<\/strong><\/p>\n<p><strong>Komitee zur Verteidigung der Rechte iranischer Ethnien und Nationen<\/strong><\/p>\n","protected":false},"excerpt":{"rendered":"<p>Iranisches Komitee zur Verteidigung der\u00a0Rechte\u00a0ethnischer Gruppen\u00a0und Nationen Ihr Menschenrechtsaktivisten, Experten und Kollegen seid eingeladen, uns zu diesem Vortrag zu begleiten. Vortr\u00e4ge,\u00a0Fragen und Antworten, Diskussionen<\/p><p><a class=\"more-link btn\" href=\"https:\/\/deutsch.bashariyat.org\/?p=7059\">Weiterlesen<\/a><\/p>\n","protected":false},"author":2,"featured_media":0,"comment_status":"closed","ping_status":"closed","sticky":false,"template":"","format":"standard","meta":{"footnotes":""},"categories":[1],"tags":[],"class_list":["post-7059","post","type-post","status-publish","format-standard","hentry","category-allgemein","item-wrap"],"_links":{"self":[{"href":"https:\/\/deutsch.bashariyat.org\/index.php?rest_route=\/wp\/v2\/posts\/7059","targetHints":{"allow":["GET"]}}],"collection":[{"href":"https:\/\/deutsch.bashariyat.org\/index.php?rest_route=\/wp\/v2\/posts"}],"about":[{"href":"https:\/\/deutsch.bashariyat.org\/index.php?rest_route=\/wp\/v2\/types\/post"}],"author":[{"embeddable":true,"href":"https:\/\/deutsch.bashariyat.org\/index.php?rest_route=\/wp\/v2\/users\/2"}],"replies":[{"embeddable":true,"href":"https:\/\/deutsch.bashariyat.org\/index.php?rest_route=%2Fwp%2Fv2%2Fcomments&post=7059"}],"version-history":[{"count":1,"href":"https:\/\/deutsch.bashariyat.org\/index.php?rest_route=\/wp\/v2\/posts\/7059\/revisions"}],"predecessor-version":[{"id":7060,"href":"https:\/\/deutsch.bashariyat.org\/index.php?rest_route=\/wp\/v2\/posts\/7059\/revisions\/7060"}],"wp:attachment":[{"href":"https:\/\/deutsch.bashariyat.org\/index.php?rest_route=%2Fwp%2Fv2%2Fmedia&parent=7059"}],"wp:term":[{"taxonomy":"category","embeddable":true,"href":"https:\/\/deutsch.bashariyat.org\/index.php?rest_route=%2Fwp%2Fv2%2Fcategories&post=7059"},{"taxonomy":"post_tag","embeddable":true,"href":"https:\/\/deutsch.bashariyat.org\/index.php?rest_route=%2Fwp%2Fv2%2Ftags&post=7059"}],"curies":[{"name":"wp","href":"https:\/\/api.w.org\/{rel}","templated":true}]}}