{"id":7725,"date":"2024-02-06T22:08:46","date_gmt":"2024-02-06T21:08:46","guid":{"rendered":"https:\/\/deutsch.bashariyat.org\/?p=7725"},"modified":"2024-02-07T22:10:34","modified_gmt":"2024-02-07T21:10:34","slug":"der-aufruf-des-komitees-die-rechte-der-iranischen-ethnischen-gruppen-und-nationen-zu-verteidigen","status":"publish","type":"post","link":"https:\/\/deutsch.bashariyat.org\/?p=7725","title":{"rendered":"Der Aufruf des Komitees, die Rechte der iranischen ethnischen Gruppen und Nationen zu verteidigen"},"content":{"rendered":"<p><strong>Es wird vom <\/strong><strong>Komitee zur Verteidigung der <\/strong><strong>Rechte <\/strong><strong>iranischer Ethnien und Nationen organisiert<\/strong><!--more--><\/p>\n<p>Liebe Menschenrechtsaktivisten, Experten und Kollegen, Sie sind herzlich eingeladen, uns bei dieser Redesitzung zu begleiten.<\/p>\n<p><strong>Rede <\/strong><strong>, <\/strong><strong>Frage und Antwort, Diskussion<\/strong><\/p>\n<p><strong>Referenten und Redethema:<\/strong><\/p>\n<p><strong>\u00a0<\/strong><\/p>\n<p>Narges Mubasherifar:<\/p>\n<p>\u00dcbereinkommen Nr. 111 \u00fcber Diskriminierung in Besch\u00e4ftigung und Besch\u00e4ftigung, 1958 von der Internationalen Arbeitsorganisation genehmigt<\/p>\n<p>und Vergleich mit der Verfassung der Regierung der Islamischen Republik Iran<\/p>\n<p>Marzieh Ali Karmi:<\/p>\n<p>Abtreibung im Iran<\/p>\n<p>Ghazale al-Sadat Abtahi:<\/p>\n<p>Verh\u00e4ngung des Todesurteils und seine Vollstreckung im Iran<\/p>\n<p><strong>Diskussion, Fragen und Antworten am Ende jedes Abschnitts<\/strong><\/p>\n<p>&nbsp;<\/p>\n<p><strong>Freie Rede:<\/strong><\/p>\n<p><strong>Das Recht auf Muttersprache<\/strong><\/p>\n<p><strong>\u00a0<\/strong><\/p>\n<p><strong>\u00a0\u00a0 <\/strong><strong>Am Ende der Prognose und Planung der Aktivit\u00e4ten f\u00fcr den n\u00e4chsten Monat<\/strong><\/p>\n<p>&nbsp;<\/p>\n<p>Zeit: Samstag, 10. Februar 2024, 17:00 Uhr MEZ<\/p>\n<p><strong>Standort:<\/strong> 1. Zoomen Sie den virtuellen Raum<\/p>\n<p><u>https:\/\/zoom.us\/j\/8057930858?pwd=OTB2U2xEYkd3UlgxRUY5WG43ZlM5dz09<\/u><\/p>\n<p>2. Virtueller Youtube-Raum<\/p>\n<p><a href=\"https:\/\/youtube.com\/channel\/UCjDITs1AOEBapWS2enW92Ug\">https:\/\/youtube.com\/channel\/UCjDITs1AOEBapWS2enW92Ug<\/a><\/p>\n<p>3. Kanon-Bewerbung (direkte Ausstrahlung aus dem Fernsehen)<\/p>\n<p>&nbsp;<\/p>\n<p><strong>Verantwortlich f\u00fcr das Treffen:<\/strong> Paniz Torabnezhad<\/p>\n<p><strong>Sekret\u00e4r des Treffens:<\/strong> Reza Shaygan<\/p>\n<p><strong>Tonaufnahme und Schnitt:<\/strong> Hassan Hamzezadeh, Karim Naseri<\/p>\n<p><strong>Administratoren:<\/strong> Mohammad Asadi, Farshad Arabi<\/p>\n<p><strong>\u00a0 \u00a0 \u00a0 \u00a0 \u00a0 \u00a0 \u00a0 \u00a0 \u00a0 \u00a0 \u00a0 \u00a0 \u00a0 \u00a0 \u00a0 \u00a0 \u00a0 \u00a0 \u00a0 \u00a0 \u00a0 \u00a0 \u00a0 \u00a0 \u00a0 \u00a0 \u00a0 \u00a0 \u00a0 \u00a0 \u00a0 \u00a0 \u00a0 \u00a0 \u00a0 \u00a0 \u00a0 \u00a0 \u00a0 \u00a0 \u00a0 \u00a0 \u00a0 \u00a0 \u00a0 \u00a0 \u00a0 \u00a0 \u00a0 \u00a0 \u00a0 \u00a0 \u00a0 \u00a0 \u00a0 \u00a0 \u00a0 \u00a0 \u00a0 \u00a0 \u00a0 \u00a0 \u00a0 \u00a0 \u00a0 \u00a0 \u00a0 \u00a0 \u00a0 \u00a0 Zentrum zur Verteidigung der Menschenrechte im Iran<\/strong><\/p>\n<p><strong>\u00a0 \u00a0 \u00a0 \u00a0 \u00a0 \u00a0 \u00a0 \u00a0 \u00a0 \u00a0 \u00a0 \u00a0 \u00a0 \u00a0 \u00a0 \u00a0 \u00a0 \u00a0 \u00a0 \u00a0 \u00a0 \u00a0 \u00a0 \u00a0 \u00a0 \u00a0 \u00a0 \u00a0 \u00a0 \u00a0 \u00a0 \u00a0 Komitee zur Verteidigung der Rechte iranischer ethnischer Gruppen und Nationen\u00a0\u00a0\u00a0\u00a0\u00a0\u00a0\u00a0\u00a0\u00a0\u00a0\u00a0\u00a0\u00a0\u00a0\u00a0\u00a0 <\/strong><\/p>\n<div class=\"sharedaddy sd-sharing-enabled\"><\/div>\n","protected":false},"excerpt":{"rendered":"<p>Es wird vom Komitee zur Verteidigung der Rechte iranischer Ethnien und Nationen organisiert<\/p><p><a class=\"more-link btn\" href=\"https:\/\/deutsch.bashariyat.org\/?p=7725\">Weiterlesen<\/a><\/p>\n","protected":false},"author":2,"featured_media":0,"comment_status":"closed","ping_status":"closed","sticky":false,"template":"","format":"standard","meta":{"footnotes":""},"categories":[1],"tags":[],"class_list":["post-7725","post","type-post","status-publish","format-standard","hentry","category-allgemein","item-wrap"],"_links":{"self":[{"href":"https:\/\/deutsch.bashariyat.org\/index.php?rest_route=\/wp\/v2\/posts\/7725","targetHints":{"allow":["GET"]}}],"collection":[{"href":"https:\/\/deutsch.bashariyat.org\/index.php?rest_route=\/wp\/v2\/posts"}],"about":[{"href":"https:\/\/deutsch.bashariyat.org\/index.php?rest_route=\/wp\/v2\/types\/post"}],"author":[{"embeddable":true,"href":"https:\/\/deutsch.bashariyat.org\/index.php?rest_route=\/wp\/v2\/users\/2"}],"replies":[{"embeddable":true,"href":"https:\/\/deutsch.bashariyat.org\/index.php?rest_route=%2Fwp%2Fv2%2Fcomments&post=7725"}],"version-history":[{"count":2,"href":"https:\/\/deutsch.bashariyat.org\/index.php?rest_route=\/wp\/v2\/posts\/7725\/revisions"}],"predecessor-version":[{"id":7727,"href":"https:\/\/deutsch.bashariyat.org\/index.php?rest_route=\/wp\/v2\/posts\/7725\/revisions\/7727"}],"wp:attachment":[{"href":"https:\/\/deutsch.bashariyat.org\/index.php?rest_route=%2Fwp%2Fv2%2Fmedia&parent=7725"}],"wp:term":[{"taxonomy":"category","embeddable":true,"href":"https:\/\/deutsch.bashariyat.org\/index.php?rest_route=%2Fwp%2Fv2%2Fcategories&post=7725"},{"taxonomy":"post_tag","embeddable":true,"href":"https:\/\/deutsch.bashariyat.org\/index.php?rest_route=%2Fwp%2Fv2%2Ftags&post=7725"}],"curies":[{"name":"wp","href":"https:\/\/api.w.org\/{rel}","templated":true}]}}