{"id":7828,"date":"2024-03-08T16:27:15","date_gmt":"2024-03-08T15:27:15","guid":{"rendered":"https:\/\/deutsch.bashariyat.org\/?p=7828"},"modified":"2024-03-20T16:28:43","modified_gmt":"2024-03-20T15:28:43","slug":"audiobericht-des-aufrufs-zur-generalversammlung-des-zentrums-zur-verteidigung-der-menschenrechte-im-iran-am-25-februar-2024-2","status":"publish","type":"post","link":"https:\/\/deutsch.bashariyat.org\/?p=7828","title":{"rendered":"Audiobericht des Aufrufs zur Generalversammlung des Zentrums zur Verteidigung der Menschenrechte im Iran am 25. Februar 2024"},"content":{"rendered":"<p>Aufruf zur Generalversammlung des Zentrums zur Verteidigung der Menschenrechte im Iran am 25. Februar 2024<!--more--><\/p>\n<p>Die Generalversammlung des Zentrums zur Verteidigung der Menschenrechte im Iran fand am Sonntag, 25. Februar 2024, um 15:00 Uhr mitteleurop\u00e4ischer Zeit in Anwesenheit einer Gruppe von Menschenrechtsaktivisten und anderen G\u00e4sten \u00fcber den virtuellen Raum von Zoom statt. der Antrag des Zentrums, verwaltet von Frau Kauthar Walizadeh. Die Redner sind: 1) Beginn des Treffens: Kausar Valizadeh. 2) Frau Fahima Timuri: Bericht und Analyse von Menschenrechtsverletzungen im Iran im Februar 1402, 3) Herr Mohammad Golestanjo: Soziale Gerechtigkeit und ihr Platz im Iran, 4 ) Frau Roza Jahanbin: Familien- und Jugendbev\u00f6lkerungsl\u00f6sung oder Sackgasse? 5) Offene Diskussion: (Recht der Frauen auf Bildung im Iran) unter Beteiligung von: Frau Roya Garhami, Herrn Manouchehr Shafaei. Kollegen, die uns bei diesem Treffen geholfen haben. Kia, Tonaufnahme und Schnitt: Herr Esfandiar Sangri, Sadra Mujib Yazdani, Administratoren: Frau Marjan Shabannejad, Herr Sina Ashjai. Interessierte k\u00f6nnen sich die Audioberichte des oben genannten Treffens \u00fcber die folgenden Audiodateien anh\u00f6ren:<\/p>\n<p><a href=\"https:\/\/deutsch.bashariyat.org\/wp-content\/uploads\/2024\/03\/IMG_5247-1.jpeg\"><img loading=\"lazy\" decoding=\"async\" class=\"alignnone size-medium wp-image-7829\" src=\"https:\/\/deutsch.bashariyat.org\/wp-content\/uploads\/2024\/03\/IMG_5247-1-300x169.jpeg\" alt=\"\" width=\"300\" height=\"169\" data-id=\"7829\" srcset=\"https:\/\/deutsch.bashariyat.org\/wp-content\/uploads\/2024\/03\/IMG_5247-1-300x169.jpeg 300w, https:\/\/deutsch.bashariyat.org\/wp-content\/uploads\/2024\/03\/IMG_5247-1-768x432.jpeg 768w, https:\/\/deutsch.bashariyat.org\/wp-content\/uploads\/2024\/03\/IMG_5247-1.jpeg 907w\" sizes=\"auto, (max-width: 300px) 100vw, 300px\" \/><\/a><\/p>\n","protected":false},"excerpt":{"rendered":"<p>Aufruf zur Generalversammlung des Zentrums zur Verteidigung der Menschenrechte im Iran am 25. Februar 2024<\/p><p><a class=\"more-link btn\" href=\"https:\/\/deutsch.bashariyat.org\/?p=7828\">Weiterlesen<\/a><\/p>\n","protected":false},"author":2,"featured_media":0,"comment_status":"closed","ping_status":"closed","sticky":false,"template":"","format":"standard","meta":{"footnotes":""},"categories":[1],"tags":[],"class_list":["post-7828","post","type-post","status-publish","format-standard","hentry","category-allgemein","item-wrap"],"_links":{"self":[{"href":"https:\/\/deutsch.bashariyat.org\/index.php?rest_route=\/wp\/v2\/posts\/7828","targetHints":{"allow":["GET"]}}],"collection":[{"href":"https:\/\/deutsch.bashariyat.org\/index.php?rest_route=\/wp\/v2\/posts"}],"about":[{"href":"https:\/\/deutsch.bashariyat.org\/index.php?rest_route=\/wp\/v2\/types\/post"}],"author":[{"embeddable":true,"href":"https:\/\/deutsch.bashariyat.org\/index.php?rest_route=\/wp\/v2\/users\/2"}],"replies":[{"embeddable":true,"href":"https:\/\/deutsch.bashariyat.org\/index.php?rest_route=%2Fwp%2Fv2%2Fcomments&post=7828"}],"version-history":[{"count":1,"href":"https:\/\/deutsch.bashariyat.org\/index.php?rest_route=\/wp\/v2\/posts\/7828\/revisions"}],"predecessor-version":[{"id":7830,"href":"https:\/\/deutsch.bashariyat.org\/index.php?rest_route=\/wp\/v2\/posts\/7828\/revisions\/7830"}],"wp:attachment":[{"href":"https:\/\/deutsch.bashariyat.org\/index.php?rest_route=%2Fwp%2Fv2%2Fmedia&parent=7828"}],"wp:term":[{"taxonomy":"category","embeddable":true,"href":"https:\/\/deutsch.bashariyat.org\/index.php?rest_route=%2Fwp%2Fv2%2Fcategories&post=7828"},{"taxonomy":"post_tag","embeddable":true,"href":"https:\/\/deutsch.bashariyat.org\/index.php?rest_route=%2Fwp%2Fv2%2Ftags&post=7828"}],"curies":[{"name":"wp","href":"https:\/\/api.w.org\/{rel}","templated":true}]}}