{"id":7841,"date":"2024-03-11T16:36:37","date_gmt":"2024-03-11T15:36:37","guid":{"rendered":"https:\/\/deutsch.bashariyat.org\/?p=7841"},"modified":"2025-08-24T20:07:07","modified_gmt":"2025-08-24T19:07:07","slug":"der-aufruf-des-komitees-zur-verteidigung-der-rechte-religioeser-anhaenger-am-16-maerz-2024","status":"publish","type":"post","link":"https:\/\/deutsch.bashariyat.org\/?p=7841","title":{"rendered":"Der Aufruf des Komitees zur Verteidigung der Rechte religi\u00f6ser Anh\u00e4nger am 16. M\u00e4rz 2024"},"content":{"rendered":"<p>Das Komitee zur Verteidigung der Rechte religi\u00f6ser Anh\u00e4nger organisiert sich<!--more--><\/p>\n<p>Liebe Menschenrechtsaktivisten, Experten und Kollegen, Sie sind herzlich eingeladen, uns bei dieser Redesitzung zu begleiten.<\/p>\n<p>Rede, Frage und Antwort, Diskussion<\/p>\n<p>Referenten und Redethema:<\/p>\n<p>Sharareh Hadizadeh Raeesi:<\/p>\n<p>Bericht und Analyse von F\u00e4llen von Verletzungen der Rechte von Religionsanh\u00e4ngern im Februar 1402<\/p>\n<p>Parvin Mohammadi Afqa:<\/p>\n<p>Baha&#8217;i-Rechte (Recht auf Bildung)<\/p>\n<p>Saeed Beheshti Matin:<\/p>\n<p>Religionen und ihre Funktionen in verschiedenen Gesellschaften<\/p>\n<p>Fragen und Antworten am Ende jedes Abschnitts<\/p>\n<p>Freie Rede:<\/p>\n<p>Das Recht auf sunnitische Staatsb\u00fcrgerschaft (Sistan und Belutschistan)<\/p>\n<p>Zeit: Samstag, 16. M\u00e4rz 2024, 17:00 Uhr MEZ<\/p>\n<p>Standort: 1. Zoomen Sie den virtuellen Raum<\/p>\n<p>https:\/\/zoom.us\/j\/8057930858?pwd=OTB2U2xEYkd3UlgxRUY5WG43ZlM5dz09<\/p>\n<p>2. Virtueller Youtube-Raum<\/p>\n<p>https:\/\/www.youtube.com\/channel\/UCcEgwhyDjX8eJAgN0KgEoMw<\/p>\n<p>3. Kanon-Bewerbung (direkte Ausstrahlung aus dem Fernsehen)<\/p>\n<p>Verantwortlich f\u00fcr das Treffen: Karim Naseri<\/p>\n<p>Sekret\u00e4rin des Treffens: Maryam Habibi<\/p>\n<p>Tonaufnahme und Schnitt: Sadra Mojib Yazdani, Sina Ashjaji<\/p>\n<p>Administratoren: Abbas Derhi, Mahmood Golestani<\/p>\n<p>Zentrum zur Verteidigung der Menschenrechte im Iran<\/p>\n<p>Komitee zur Verteidigung der Rechte religi\u00f6ser Anh\u00e4nger<\/p>\n","protected":false},"excerpt":{"rendered":"<p>Das Komitee zur Verteidigung der Rechte religi\u00f6ser Anh\u00e4nger organisiert sich<\/p><p><a class=\"more-link btn\" href=\"https:\/\/deutsch.bashariyat.org\/?p=7841\">Weiterlesen<\/a><\/p>\n","protected":false},"author":2,"featured_media":0,"comment_status":"closed","ping_status":"closed","sticky":false,"template":"","format":"standard","meta":{"footnotes":""},"categories":[1],"tags":[],"class_list":["post-7841","post","type-post","status-publish","format-standard","hentry","category-allgemein","item-wrap"],"_links":{"self":[{"href":"https:\/\/deutsch.bashariyat.org\/index.php?rest_route=\/wp\/v2\/posts\/7841","targetHints":{"allow":["GET"]}}],"collection":[{"href":"https:\/\/deutsch.bashariyat.org\/index.php?rest_route=\/wp\/v2\/posts"}],"about":[{"href":"https:\/\/deutsch.bashariyat.org\/index.php?rest_route=\/wp\/v2\/types\/post"}],"author":[{"embeddable":true,"href":"https:\/\/deutsch.bashariyat.org\/index.php?rest_route=\/wp\/v2\/users\/2"}],"replies":[{"embeddable":true,"href":"https:\/\/deutsch.bashariyat.org\/index.php?rest_route=%2Fwp%2Fv2%2Fcomments&post=7841"}],"version-history":[{"count":3,"href":"https:\/\/deutsch.bashariyat.org\/index.php?rest_route=\/wp\/v2\/posts\/7841\/revisions"}],"predecessor-version":[{"id":10377,"href":"https:\/\/deutsch.bashariyat.org\/index.php?rest_route=\/wp\/v2\/posts\/7841\/revisions\/10377"}],"wp:attachment":[{"href":"https:\/\/deutsch.bashariyat.org\/index.php?rest_route=%2Fwp%2Fv2%2Fmedia&parent=7841"}],"wp:term":[{"taxonomy":"category","embeddable":true,"href":"https:\/\/deutsch.bashariyat.org\/index.php?rest_route=%2Fwp%2Fv2%2Fcategories&post=7841"},{"taxonomy":"post_tag","embeddable":true,"href":"https:\/\/deutsch.bashariyat.org\/index.php?rest_route=%2Fwp%2Fv2%2Ftags&post=7841"}],"curies":[{"name":"wp","href":"https:\/\/api.w.org\/{rel}","templated":true}]}}