{"id":8137,"date":"2024-05-11T16:04:16","date_gmt":"2024-05-11T15:04:16","guid":{"rendered":"https:\/\/deutsch.bashariyat.org\/?p=8137"},"modified":"2024-05-19T13:03:46","modified_gmt":"2024-05-19T12:03:46","slug":"einladung-zur-generalversammlung-des-vereins-zur-verteidigung-der-menschenrechte-im-iran-am-12-mai-2024","status":"publish","type":"post","link":"https:\/\/deutsch.bashariyat.org\/?p=8137","title":{"rendered":"Einladung zur Generalversammlung des Vereins zur Verteidigung der Menschenrechte im Iran am 12. Mai 2024"},"content":{"rendered":"<p>Es wird vom Zentrum f\u00fcr die Verteidigung der Menschenrechte im Iran organisiert<\/p>\n<p>Rede, Frage und Antwort, Diskussion<\/p>\n<p><!--more--><\/p>\n<p>Referenten und Redethemen<\/p>\n<p>Marzieh Alikarami:<\/p>\n<p>Untersuchung des CITES-Abkommens (\u00dcbereinkommen \u00fcber den internationalen Handel mit gef\u00e4hrdeten Arten freilebender Tiere und Pflanzen) und Vergleich mit der Verfassung der Islamischen Republik Iran<\/p>\n<p>Roza Jahanbin:<\/p>\n<p>Feministische Kunst<\/p>\n<p>Kosar Valizadeh:<\/p>\n<p>Kindheit im Iran<\/p>\n<p>Am Ende jeder Sektion gibt es Raum f\u00fcr Diskussion und Fragen Offene Diskussion:<\/p>\n<p>Recht auf Leben (Analyse von Gewalt und Verbrechen in der Gesellschaft)<\/p>\n<p>Datum: Montag, 12. Mai 2024, um 15:00 Uhr Mitteleurop\u00e4ische Zeit<\/p>\n<p>Ort:<\/p>\n<ol>\n<li>Virtueller Raum auf Zoom<\/li>\n<\/ol>\n<p><a href=\"https:\/\/zoom.us\/j\/8057930858?pwd=OTB2U2xEYkd3UlgxRUY5WG43ZlM5dz09\" target=\"_new\" rel=\"noreferrer noopener\">https:\/\/zoom.us\/j\/8057930858?pwd=OTB2U2xEYkd3UlgxRUY5WG43ZlM5dz09<\/a><\/p>\n<ol start=\"2\">\n<li>Virtueller Raum auf YouTube<\/li>\n<\/ol>\n<p><a href=\"https:\/\/youtube.com\/channel\/UCjDITs1AOEBapWS2enW92Ug\" target=\"_new\" rel=\"noreferrer noopener\">https:\/\/youtube.com\/channel\/UCjDITs1AOEBapWS2enW92Ug<\/a><\/p>\n<ol start=\"3\">\n<li>Vereins-App (Live-Streaming im Fernsehen)<\/li>\n<\/ol>\n<p>Sitzungsleiter: Paniz Tarabnejad<\/p>\n<p>Sitzungssekret\u00e4r: Youssef Yousefi<\/p>\n<p>Tonaufnahme und Bearbeitung: Sina Ashjaei, Mahmoudreza Salehi<\/p>\n<p>Administratoren: Irandokht Kia, Rojin Saraji<\/p>\n<p>Verein zur Verteidigung der Menschenrechte im Iran<\/p>\n","protected":false},"excerpt":{"rendered":"<p>Es wird vom Zentrum f\u00fcr die Verteidigung der Menschenrechte im Iran organisiert Rede, Frage und Antwort, Diskussion<\/p><p><a class=\"more-link btn\" href=\"https:\/\/deutsch.bashariyat.org\/?p=8137\">Weiterlesen<\/a><\/p>\n","protected":false},"author":2,"featured_media":0,"comment_status":"closed","ping_status":"closed","sticky":false,"template":"","format":"standard","meta":{"footnotes":""},"categories":[75],"tags":[],"class_list":["post-8137","post","type-post","status-publish","format-standard","hentry","category-einladung","item-wrap"],"_links":{"self":[{"href":"https:\/\/deutsch.bashariyat.org\/index.php?rest_route=\/wp\/v2\/posts\/8137","targetHints":{"allow":["GET"]}}],"collection":[{"href":"https:\/\/deutsch.bashariyat.org\/index.php?rest_route=\/wp\/v2\/posts"}],"about":[{"href":"https:\/\/deutsch.bashariyat.org\/index.php?rest_route=\/wp\/v2\/types\/post"}],"author":[{"embeddable":true,"href":"https:\/\/deutsch.bashariyat.org\/index.php?rest_route=\/wp\/v2\/users\/2"}],"replies":[{"embeddable":true,"href":"https:\/\/deutsch.bashariyat.org\/index.php?rest_route=%2Fwp%2Fv2%2Fcomments&post=8137"}],"version-history":[{"count":3,"href":"https:\/\/deutsch.bashariyat.org\/index.php?rest_route=\/wp\/v2\/posts\/8137\/revisions"}],"predecessor-version":[{"id":8214,"href":"https:\/\/deutsch.bashariyat.org\/index.php?rest_route=\/wp\/v2\/posts\/8137\/revisions\/8214"}],"wp:attachment":[{"href":"https:\/\/deutsch.bashariyat.org\/index.php?rest_route=%2Fwp%2Fv2%2Fmedia&parent=8137"}],"wp:term":[{"taxonomy":"category","embeddable":true,"href":"https:\/\/deutsch.bashariyat.org\/index.php?rest_route=%2Fwp%2Fv2%2Fcategories&post=8137"},{"taxonomy":"post_tag","embeddable":true,"href":"https:\/\/deutsch.bashariyat.org\/index.php?rest_route=%2Fwp%2Fv2%2Ftags&post=8137"}],"curies":[{"name":"wp","href":"https:\/\/api.w.org\/{rel}","templated":true}]}}