{"id":8335,"date":"2024-05-30T08:02:14","date_gmt":"2024-05-30T07:02:14","guid":{"rendered":"https:\/\/deutsch.bashariyat.org\/?p=8335"},"modified":"2024-05-30T08:12:10","modified_gmt":"2024-05-30T07:12:10","slug":"einladung-zur-praesenzversammlung-der-generalversammlung-der-mitglieder-des-vereins-zur-verteidigung-der-menschenrechte-im-iran-am-3-juni-2024","status":"publish","type":"post","link":"https:\/\/deutsch.bashariyat.org\/?p=8335","title":{"rendered":"Einladung zur Pr\u00e4senzversammlung der Generalversammlung der Mitglieder des Vereins zur Verteidigung der Menschenrechte im Iran am 3. Juni 2024"},"content":{"rendered":"<p style=\"text-align: center;\"><a href=\"https:\/\/deutsch.bashariyat.org\/wp-content\/uploads\/2024\/05\/photo_2024-05-30_08-21-27.jpg\"><img loading=\"lazy\" decoding=\"async\" class=\"alignnone wp-image-8336\" src=\"https:\/\/deutsch.bashariyat.org\/wp-content\/uploads\/2024\/05\/photo_2024-05-30_08-21-27.jpg\" alt=\"\" width=\"316\" height=\"316\" data-id=\"8336\" srcset=\"https:\/\/deutsch.bashariyat.org\/wp-content\/uploads\/2024\/05\/photo_2024-05-30_08-21-27.jpg 250w, https:\/\/deutsch.bashariyat.org\/wp-content\/uploads\/2024\/05\/photo_2024-05-30_08-21-27-150x150.jpg 150w\" sizes=\"auto, (max-width: 316px) 100vw, 316px\" \/><\/a><\/p>\n<p>Einladung zur Pr\u00e4senzversammlung der Generalversammlung der Mitglieder des Vereins zur Verteidigung der Menschenrechte im Iran am 3. Juni 2024<\/p>\n<p><!--more--><\/p>\n<p><a href=\"https:\/\/deutsch.bashariyat.org\/wp-content\/uploads\/2024\/05\/06-03-\u06a9\u0627\u0646\u0648\u0646-2.png\"><img loading=\"lazy\" decoding=\"async\" class=\"wp-image-8327 aligncenter\" src=\"https:\/\/deutsch.bashariyat.org\/wp-content\/uploads\/2024\/05\/06-03-\u06a9\u0627\u0646\u0648\u0646-2.png\" alt=\"\" width=\"437\" height=\"618\" data-id=\"8327\" srcset=\"https:\/\/deutsch.bashariyat.org\/wp-content\/uploads\/2024\/05\/06-03-\u06a9\u0627\u0646\u0648\u0646-2.png 1587w, https:\/\/deutsch.bashariyat.org\/wp-content\/uploads\/2024\/05\/06-03-\u06a9\u0627\u0646\u0648\u0646-2-212x300.png 212w, https:\/\/deutsch.bashariyat.org\/wp-content\/uploads\/2024\/05\/06-03-\u06a9\u0627\u0646\u0648\u0646-2-724x1024.png 724w, https:\/\/deutsch.bashariyat.org\/wp-content\/uploads\/2024\/05\/06-03-\u06a9\u0627\u0646\u0648\u0646-2-768x1086.png 768w, https:\/\/deutsch.bashariyat.org\/wp-content\/uploads\/2024\/05\/06-03-\u06a9\u0627\u0646\u0648\u0646-2-1086x1536.png 1086w, https:\/\/deutsch.bashariyat.org\/wp-content\/uploads\/2024\/05\/06-03-\u06a9\u0627\u0646\u0648\u0646-2-1448x2048.png 1448w\" sizes=\"auto, (max-width: 437px) 100vw, 437px\" \/><\/a><\/p>\n<p style=\"text-align: justify;\">Alle Mitglieder des Vereins zur Verteidigung der Menschenrechte im Iran sind eingeladen, an der Generalversammlung teilzunehmen und \u00fcber verschiedene Themen zu diskutieren und Meinungen auszutauschen.<\/p>\n<p style=\"text-align: justify;\">Au\u00dferdem wird diese Sitzung gleichzeitig live \u00fcber die Online-Plattform Zoom \u00fcbertragen, damit Kollegen, die nicht pers\u00f6nlich anwesend sein k\u00f6nnen, auf diesem Weg mit uns in Verbindung bleiben k\u00f6nnen.<\/p>\n<p><strong>Datum:<\/strong> am Sonntag den 02. Juni 2024 um 13 &#8211; 16 Uhr MEZ<\/p>\n<p><strong>Ort:<\/strong> Reizenheim Ruklingen Str<\/p>\n<p>Anne-Stache-Alee 7<\/p>\n<p>300459 Hannover<\/p>\n<p>&nbsp;<\/p>\n","protected":false},"excerpt":{"rendered":"<p>Einladung zur Pr\u00e4senzversammlung der Generalversammlung der Mitglieder des Vereins zur Verteidigung der Menschenrechte im Iran am 3. Juni 2024<\/p><p><a class=\"more-link btn\" href=\"https:\/\/deutsch.bashariyat.org\/?p=8335\">Weiterlesen<\/a><\/p>\n","protected":false},"author":2,"featured_media":0,"comment_status":"closed","ping_status":"closed","sticky":false,"template":"","format":"standard","meta":{"footnotes":""},"categories":[75],"tags":[],"class_list":["post-8335","post","type-post","status-publish","format-standard","hentry","category-einladung","item-wrap"],"_links":{"self":[{"href":"https:\/\/deutsch.bashariyat.org\/index.php?rest_route=\/wp\/v2\/posts\/8335","targetHints":{"allow":["GET"]}}],"collection":[{"href":"https:\/\/deutsch.bashariyat.org\/index.php?rest_route=\/wp\/v2\/posts"}],"about":[{"href":"https:\/\/deutsch.bashariyat.org\/index.php?rest_route=\/wp\/v2\/types\/post"}],"author":[{"embeddable":true,"href":"https:\/\/deutsch.bashariyat.org\/index.php?rest_route=\/wp\/v2\/users\/2"}],"replies":[{"embeddable":true,"href":"https:\/\/deutsch.bashariyat.org\/index.php?rest_route=%2Fwp%2Fv2%2Fcomments&post=8335"}],"version-history":[{"count":2,"href":"https:\/\/deutsch.bashariyat.org\/index.php?rest_route=\/wp\/v2\/posts\/8335\/revisions"}],"predecessor-version":[{"id":8338,"href":"https:\/\/deutsch.bashariyat.org\/index.php?rest_route=\/wp\/v2\/posts\/8335\/revisions\/8338"}],"wp:attachment":[{"href":"https:\/\/deutsch.bashariyat.org\/index.php?rest_route=%2Fwp%2Fv2%2Fmedia&parent=8335"}],"wp:term":[{"taxonomy":"category","embeddable":true,"href":"https:\/\/deutsch.bashariyat.org\/index.php?rest_route=%2Fwp%2Fv2%2Fcategories&post=8335"},{"taxonomy":"post_tag","embeddable":true,"href":"https:\/\/deutsch.bashariyat.org\/index.php?rest_route=%2Fwp%2Fv2%2Ftags&post=8335"}],"curies":[{"name":"wp","href":"https:\/\/api.w.org\/{rel}","templated":true}]}}