{"id":9551,"date":"2025-03-03T19:00:46","date_gmt":"2025-03-03T18:00:46","guid":{"rendered":"https:\/\/deutsch.bashariyat.org\/?p=9551"},"modified":"2025-03-03T19:00:46","modified_gmt":"2025-03-03T18:00:46","slug":"der-audiobericht-der-instagram-live-sitzung-des-ausschusses-fuer-die-verteidigung-der-rechte-der-ethnischen-gruppen-und-voelker-irans-am-01-februar","status":"publish","type":"post","link":"https:\/\/deutsch.bashariyat.org\/?p=9551","title":{"rendered":"Der Audiobericht der Instagram Live-Sitzung des Ausschusses f\u00fcr die Verteidigung der Rechte der ethnischen Gruppen und V\u00f6lker Irans am 01. Februar"},"content":{"rendered":"<p style=\"text-align: center;\"><a href=\"https:\/\/deutsch.bashariyat.org\/wp-content\/uploads\/2025\/03\/photo_2025-01-30_20-04-52.jpg\"><img loading=\"lazy\" decoding=\"async\" class=\"alignnone  wp-image-9485\" src=\"https:\/\/deutsch.bashariyat.org\/wp-content\/uploads\/2025\/03\/photo_2025-01-30_20-04-52.jpg\" alt=\"\" width=\"508\" height=\"286\" data-id=\"9485\" srcset=\"https:\/\/deutsch.bashariyat.org\/wp-content\/uploads\/2025\/03\/photo_2025-01-30_20-04-52.jpg 1280w, https:\/\/deutsch.bashariyat.org\/wp-content\/uploads\/2025\/03\/photo_2025-01-30_20-04-52-300x169.jpg 300w, https:\/\/deutsch.bashariyat.org\/wp-content\/uploads\/2025\/03\/photo_2025-01-30_20-04-52-1024x576.jpg 1024w, https:\/\/deutsch.bashariyat.org\/wp-content\/uploads\/2025\/03\/photo_2025-01-30_20-04-52-768x432.jpg 768w, https:\/\/deutsch.bashariyat.org\/wp-content\/uploads\/2025\/03\/photo_2025-01-30_20-04-52-1170x658.jpg 1170w\" sizes=\"auto, (max-width: 508px) 100vw, 508px\" \/><\/a><\/p>\n<p>Die Instagram Live-Sitzung des Ausschusses f\u00fcr die Verteidigung der Rechte der ethnischen Gruppen und V\u00f6lker Irans am 01. Februar 2025 um 18:00 Uhr Mitteleurop\u00e4ischer Zeit online \u00fcber Instagram Live unter der Leitung von Frau Sareh Ostovar statt.<\/p>\n<p><!--more--><\/p>\n<p>Die Kollegen, die uns bei der Durchf\u00fchrung dieser Live-Sitzung unterst\u00fctzt haben, sind: Sitzungsleiterin: Frau Sareh Ostovar, Rednerin: Frau Marzieh Alikarami \u00fcber Thema: Internationaler Tag von Muttersprache, Sitzungsprotokollant: Herr Reza Shaighan, Tonaufnahme und Bearbeitung: Herr Sina Ashjaei. Interessierte k\u00f6nnen den Audiobericht dieser Sitzung \u00fcber die folgenden Audiodateien anh\u00f6ren:<\/p>\n<p><a href=\"https:\/\/bashariyat.org\/cloudspot\/blog\/ms-music\/%d8%ac%d9%84%d8%b3%d9%87-%d8%b5%d9%88%d8%aa%db%8c-%d9%84%d8%a7%db%8c%d9%88-%d8%a7%db%8c%d9%86%d8%b3%d8%aa%d8%a7%da%af%d8%b1%d8%a7%d9%85-%da%a9%d9%85%db%8c%d8%aa%d9%87-%d8%af%d9%81%d8%a7%d8%b9-%d8%a7\/\">Sitzungsbeginn: Frau Sareh Ostovar<\/a><\/p>\n<p><a href=\"https:\/\/bashariyat.org\/cloudspot\/blog\/ms-music\/%d8%ac%d9%84%d8%b3%d9%87-%d8%b5%d9%88%d8%aa%db%8c-%d9%84%d8%a7%db%8c%d9%88-%d8%a7%db%8c%d9%86%d8%b3%d8%aa%d8%a7%da%af%d8%b1%d8%a7%d9%85-%da%a9%d9%85%db%8c%d8%aa%d9%87-%d8%af%d9%81%d8%a7%d8%b9-%d8%a7-2\/\">Frau Marzieh Alikarami: Internationaler Tag von Muttersprache<\/a><\/p>\n","protected":false},"excerpt":{"rendered":"<p>Die Instagram Live-Sitzung des Ausschusses f\u00fcr die Verteidigung der Rechte der ethnischen Gruppen und V\u00f6lker Irans am 01. Februar 2025 um 18:00 Uhr Mitteleurop\u00e4ischer Zeit online \u00fcber Instagram Live unter der Leitung von Frau Sareh Ostovar statt.<\/p><p><a class=\"more-link btn\" href=\"https:\/\/deutsch.bashariyat.org\/?p=9551\">Weiterlesen<\/a><\/p>\n","protected":false},"author":2,"featured_media":0,"comment_status":"closed","ping_status":"closed","sticky":false,"template":"","format":"standard","meta":{"footnotes":""},"categories":[11],"tags":[],"class_list":["post-9551","post","type-post","status-publish","format-standard","hentry","category-sitzungsberichte","item-wrap"],"_links":{"self":[{"href":"https:\/\/deutsch.bashariyat.org\/index.php?rest_route=\/wp\/v2\/posts\/9551","targetHints":{"allow":["GET"]}}],"collection":[{"href":"https:\/\/deutsch.bashariyat.org\/index.php?rest_route=\/wp\/v2\/posts"}],"about":[{"href":"https:\/\/deutsch.bashariyat.org\/index.php?rest_route=\/wp\/v2\/types\/post"}],"author":[{"embeddable":true,"href":"https:\/\/deutsch.bashariyat.org\/index.php?rest_route=\/wp\/v2\/users\/2"}],"replies":[{"embeddable":true,"href":"https:\/\/deutsch.bashariyat.org\/index.php?rest_route=%2Fwp%2Fv2%2Fcomments&post=9551"}],"version-history":[{"count":1,"href":"https:\/\/deutsch.bashariyat.org\/index.php?rest_route=\/wp\/v2\/posts\/9551\/revisions"}],"predecessor-version":[{"id":9552,"href":"https:\/\/deutsch.bashariyat.org\/index.php?rest_route=\/wp\/v2\/posts\/9551\/revisions\/9552"}],"wp:attachment":[{"href":"https:\/\/deutsch.bashariyat.org\/index.php?rest_route=%2Fwp%2Fv2%2Fmedia&parent=9551"}],"wp:term":[{"taxonomy":"category","embeddable":true,"href":"https:\/\/deutsch.bashariyat.org\/index.php?rest_route=%2Fwp%2Fv2%2Fcategories&post=9551"},{"taxonomy":"post_tag","embeddable":true,"href":"https:\/\/deutsch.bashariyat.org\/index.php?rest_route=%2Fwp%2Fv2%2Ftags&post=9551"}],"curies":[{"name":"wp","href":"https:\/\/api.w.org\/{rel}","templated":true}]}}