{"id":9617,"date":"2025-03-28T17:53:49","date_gmt":"2025-03-28T16:53:49","guid":{"rendered":"https:\/\/deutsch.bashariyat.org\/?p=9617"},"modified":"2025-03-28T17:53:49","modified_gmt":"2025-03-28T16:53:49","slug":"einladung-einer-sondersitzung-des-komitees-zur-verteilung-der-rechte-der-religionensanhaenger-am-14-maerz-2025","status":"publish","type":"post","link":"https:\/\/deutsch.bashariyat.org\/?p=9617","title":{"rendered":"Einladung einer Sondersitzung des Komitees zur Verteilung der Rechte der Religionensanh\u00e4nger, am 14. M\u00e4rz 2025"},"content":{"rendered":"<p style=\"text-align: center;\"><a href=\"https:\/\/deutsch.bashariyat.org\/wp-content\/uploads\/2025\/03\/03-14-\u0627\u062f\u06cc\u0627\u0646.jpg\"><img loading=\"lazy\" decoding=\"async\" class=\"alignnone  wp-image-9618\" src=\"https:\/\/deutsch.bashariyat.org\/wp-content\/uploads\/2025\/03\/03-14-\u0627\u062f\u06cc\u0627\u0646.jpg\" alt=\"\" width=\"484\" height=\"272\" data-id=\"9618\" srcset=\"https:\/\/deutsch.bashariyat.org\/wp-content\/uploads\/2025\/03\/03-14-\u0627\u062f\u06cc\u0627\u0646.jpg 1280w, https:\/\/deutsch.bashariyat.org\/wp-content\/uploads\/2025\/03\/03-14-\u0627\u062f\u06cc\u0627\u0646-300x169.jpg 300w, https:\/\/deutsch.bashariyat.org\/wp-content\/uploads\/2025\/03\/03-14-\u0627\u062f\u06cc\u0627\u0646-1024x576.jpg 1024w, https:\/\/deutsch.bashariyat.org\/wp-content\/uploads\/2025\/03\/03-14-\u0627\u062f\u06cc\u0627\u0646-768x432.jpg 768w, https:\/\/deutsch.bashariyat.org\/wp-content\/uploads\/2025\/03\/03-14-\u0627\u062f\u06cc\u0627\u0646-1170x658.jpg 1170w\" sizes=\"auto, (max-width: 484px) 100vw, 484px\" \/><\/a><\/p>\n<p><strong>Aufruf:<\/strong><\/p>\n<p>Sondersitzung des Komitees zur Verteilung der Rechte der Religionensanh\u00e4nger<\/p>\n<p><!--more--><\/p>\n<p><strong>Thema: <\/strong><span style=\"font-size: 12pt;\">Statistischer Bericht \u00fcber die Verst\u00f6\u00dfe gegen die Rechte der Anh\u00e4nger von Religionen, M\u00e4rz 2025<\/span><\/p>\n<p><strong>Rednerin1:<\/strong> Naghmeh Zarifi Moghadam<\/p>\n<p>&nbsp;<\/p>\n<p><strong>Thema:<\/strong> Das B\u00fcrgerrecht der Bahai<\/p>\n<p><strong>Rederin2: <\/strong>Parvin Rahmani Artiani<\/p>\n<p>&nbsp;<\/p>\n<p><strong>Sitzungsleitung: <\/strong>Parvin\u00a0Mohammadi Afgha<\/p>\n<p>&nbsp;<\/p>\n<p><strong>Sekreter: <\/strong>Karim Naseri<\/p>\n<p><strong>Datum:<\/strong> am Freitag den 14. M\u00e4rz 2025 um 18:00 Uhr MEZ<\/p>\n<p>&nbsp;<\/p>\n<p><strong>Tagungsort:<\/strong>\u00a0Instagram (der Vereinigung zur Verteidigung der Menschenrechte im Iran)<\/p>\n","protected":false},"excerpt":{"rendered":"<p>Aufruf: Sondersitzung des Komitees zur Verteilung der Rechte der Religionensanh\u00e4nger<\/p><p><a class=\"more-link btn\" href=\"https:\/\/deutsch.bashariyat.org\/?p=9617\">Weiterlesen<\/a><\/p>\n","protected":false},"author":2,"featured_media":0,"comment_status":"closed","ping_status":"closed","sticky":false,"template":"","format":"standard","meta":{"footnotes":""},"categories":[75],"tags":[],"class_list":["post-9617","post","type-post","status-publish","format-standard","hentry","category-einladung","item-wrap"],"_links":{"self":[{"href":"https:\/\/deutsch.bashariyat.org\/index.php?rest_route=\/wp\/v2\/posts\/9617","targetHints":{"allow":["GET"]}}],"collection":[{"href":"https:\/\/deutsch.bashariyat.org\/index.php?rest_route=\/wp\/v2\/posts"}],"about":[{"href":"https:\/\/deutsch.bashariyat.org\/index.php?rest_route=\/wp\/v2\/types\/post"}],"author":[{"embeddable":true,"href":"https:\/\/deutsch.bashariyat.org\/index.php?rest_route=\/wp\/v2\/users\/2"}],"replies":[{"embeddable":true,"href":"https:\/\/deutsch.bashariyat.org\/index.php?rest_route=%2Fwp%2Fv2%2Fcomments&post=9617"}],"version-history":[{"count":1,"href":"https:\/\/deutsch.bashariyat.org\/index.php?rest_route=\/wp\/v2\/posts\/9617\/revisions"}],"predecessor-version":[{"id":9619,"href":"https:\/\/deutsch.bashariyat.org\/index.php?rest_route=\/wp\/v2\/posts\/9617\/revisions\/9619"}],"wp:attachment":[{"href":"https:\/\/deutsch.bashariyat.org\/index.php?rest_route=%2Fwp%2Fv2%2Fmedia&parent=9617"}],"wp:term":[{"taxonomy":"category","embeddable":true,"href":"https:\/\/deutsch.bashariyat.org\/index.php?rest_route=%2Fwp%2Fv2%2Fcategories&post=9617"},{"taxonomy":"post_tag","embeddable":true,"href":"https:\/\/deutsch.bashariyat.org\/index.php?rest_route=%2Fwp%2Fv2%2Ftags&post=9617"}],"curies":[{"name":"wp","href":"https:\/\/api.w.org\/{rel}","templated":true}]}}