{"id":9656,"date":"2025-03-29T21:30:54","date_gmt":"2025-03-29T20:30:54","guid":{"rendered":"https:\/\/deutsch.bashariyat.org\/?p=9656"},"modified":"2025-03-29T21:39:54","modified_gmt":"2025-03-29T20:39:54","slug":"audio-und-videobericht-der-vertretung-sueddeutschlands-am-28-februar-2025","status":"publish","type":"post","link":"https:\/\/deutsch.bashariyat.org\/?p=9656","title":{"rendered":"Audio- und Videobericht der Vertretung S\u00fcddeutschlands am 28. Februar 2025"},"content":{"rendered":"<p style=\"text-align: center;\"><a href=\"https:\/\/youtu.be\/6Ig1V57SmDc\"><img loading=\"lazy\" decoding=\"async\" class=\"alignnone wp-image-9517\" src=\"https:\/\/deutsch.bashariyat.org\/wp-content\/uploads\/2025\/03\/02-28-\u062c\u0646\u0648\u0628-\u0622\u0644\u0645\u0627\u0646.jpg\" alt=\"\" width=\"463\" height=\"260\" data-id=\"9517\" srcset=\"https:\/\/deutsch.bashariyat.org\/wp-content\/uploads\/2025\/03\/02-28-\u062c\u0646\u0648\u0628-\u0622\u0644\u0645\u0627\u0646.jpg 1280w, https:\/\/deutsch.bashariyat.org\/wp-content\/uploads\/2025\/03\/02-28-\u062c\u0646\u0648\u0628-\u0622\u0644\u0645\u0627\u0646-300x169.jpg 300w, https:\/\/deutsch.bashariyat.org\/wp-content\/uploads\/2025\/03\/02-28-\u062c\u0646\u0648\u0628-\u0622\u0644\u0645\u0627\u0646-1024x576.jpg 1024w, https:\/\/deutsch.bashariyat.org\/wp-content\/uploads\/2025\/03\/02-28-\u062c\u0646\u0648\u0628-\u0622\u0644\u0645\u0627\u0646-768x432.jpg 768w, https:\/\/deutsch.bashariyat.org\/wp-content\/uploads\/2025\/03\/02-28-\u062c\u0646\u0648\u0628-\u0622\u0644\u0645\u0627\u0646-1170x658.jpg 1170w\" sizes=\"auto, (max-width: 463px) 100vw, 463px\" \/><\/a><\/p>\n<p>Die Instagram-Live-Sitzung der Vertretung S\u00fcddeutschlands fand am 28. Februar 2025 um 19:00 Uhr Mitteleurop\u00e4ischer Zeit online \u00fcber Instagram Live unter der Leitung von Marzieh Moazami\u00a0 statt.<\/p>\n<p><!--more--><\/p>\n<p>&nbsp;<\/p>\n<p><strong>Redner:<\/strong>\u00a0<strong>Salman Ghorbani zum Thema:<\/strong> Welttag der Sozialen Gerechtigkeit<\/p>\n<p>Die Kollegen, die uns bei der Durchf\u00fchrung dieser Live-Sitzung unterst\u00fctzt haben, sind: Sitzungsleiterin: Marzieh Moazami, Sitzungsprotokollant: Kosar Valizadeh, Tonaufnahme und Bearbeitung: Sina Ashjaei.<\/p>\n<p>Interessierte k\u00f6nnen den Audiobericht dieser Sitzung \u00fcber die folgenden Audiodateien anh\u00f6ren und den Videobericht der Live-Sitzung \u00fcber den YouTube-Link ansehen:<\/p>\n<p><a href=\"https:\/\/bashariyat.org\/cloudspot\/blog\/ms-music\/%d8%ac%d9%84%d8%b3%d9%87-%d8%b5%d9%88%d8%aa%db%8c-%d9%88-%d8%aa%d8%b5%d9%88%db%8c%d8%b1%db%8c-%d9%84%d8%a7%db%8c%d9%88-%d8%a7%db%8c%d9%86%d8%b3%d8%aa%d8%a7%da%af%d8%b1%d8%a7%d9%85-%d9%86%d9%85%d8%a7-4\/\">Sitzungsbeginn: Marzieh Mozami<\/a><\/p>\n<p><a href=\"https:\/\/bashariyat.org\/cloudspot\/blog\/ms-music\/%d8%ac%d9%84%d8%b3%d9%87-%d8%b5%d9%88%d8%aa%db%8c-%d9%88-%d8%aa%d8%b5%d9%88%db%8c%d8%b1%db%8c-%d9%84%d8%a7%db%8c%d9%88-%d8%a7%db%8c%d9%86%d8%b3%d8%aa%d8%a7%da%af%d8%b1%d8%a7%d9%85-%d9%86%d9%85%d8%a7-5\/\">Salman Ghorbani: Welttag der Sozialen Gerechtigkeit<\/a><\/p>\n","protected":false},"excerpt":{"rendered":"<p>Die Instagram-Live-Sitzung der Vertretung S\u00fcddeutschlands fand am 28. Februar 2025 um 19:00 Uhr Mitteleurop\u00e4ischer Zeit online \u00fcber Instagram Live unter der Leitung von Marzieh Moazami\u00a0 statt.<\/p><p><a class=\"more-link btn\" href=\"https:\/\/deutsch.bashariyat.org\/?p=9656\">Weiterlesen<\/a><\/p>\n","protected":false},"author":2,"featured_media":0,"comment_status":"closed","ping_status":"closed","sticky":false,"template":"","format":"standard","meta":{"footnotes":""},"categories":[11],"tags":[],"class_list":["post-9656","post","type-post","status-publish","format-standard","hentry","category-sitzungsberichte","item-wrap"],"_links":{"self":[{"href":"https:\/\/deutsch.bashariyat.org\/index.php?rest_route=\/wp\/v2\/posts\/9656","targetHints":{"allow":["GET"]}}],"collection":[{"href":"https:\/\/deutsch.bashariyat.org\/index.php?rest_route=\/wp\/v2\/posts"}],"about":[{"href":"https:\/\/deutsch.bashariyat.org\/index.php?rest_route=\/wp\/v2\/types\/post"}],"author":[{"embeddable":true,"href":"https:\/\/deutsch.bashariyat.org\/index.php?rest_route=\/wp\/v2\/users\/2"}],"replies":[{"embeddable":true,"href":"https:\/\/deutsch.bashariyat.org\/index.php?rest_route=%2Fwp%2Fv2%2Fcomments&post=9656"}],"version-history":[{"count":3,"href":"https:\/\/deutsch.bashariyat.org\/index.php?rest_route=\/wp\/v2\/posts\/9656\/revisions"}],"predecessor-version":[{"id":9659,"href":"https:\/\/deutsch.bashariyat.org\/index.php?rest_route=\/wp\/v2\/posts\/9656\/revisions\/9659"}],"wp:attachment":[{"href":"https:\/\/deutsch.bashariyat.org\/index.php?rest_route=%2Fwp%2Fv2%2Fmedia&parent=9656"}],"wp:term":[{"taxonomy":"category","embeddable":true,"href":"https:\/\/deutsch.bashariyat.org\/index.php?rest_route=%2Fwp%2Fv2%2Fcategories&post=9656"},{"taxonomy":"post_tag","embeddable":true,"href":"https:\/\/deutsch.bashariyat.org\/index.php?rest_route=%2Fwp%2Fv2%2Ftags&post=9656"}],"curies":[{"name":"wp","href":"https:\/\/api.w.org\/{rel}","templated":true}]}}