{"id":9664,"date":"2025-03-29T22:05:22","date_gmt":"2025-03-29T21:05:22","guid":{"rendered":"https:\/\/deutsch.bashariyat.org\/?p=9664"},"modified":"2025-03-29T22:05:22","modified_gmt":"2025-03-29T21:05:22","slug":"der-audio-und-videobericht-der-instagram-live-sitzung-des-ausschusses-fuer-die-verteidigung-der-rechte-der-ethnischen-gruppen-und-voelker-irans-am-08-maerz","status":"publish","type":"post","link":"https:\/\/deutsch.bashariyat.org\/?p=9664","title":{"rendered":"Der Audio- und Videobericht der Instagram Live-Sitzung des Ausschusses f\u00fcr die Verteidigung der Rechte der ethnischen Gruppen und V\u00f6lker Irans am 08. M\u00e4rz"},"content":{"rendered":"<p style=\"text-align: center;\"><a href=\"https:\/\/youtu.be\/h4BhVNZgh-w\"><img loading=\"lazy\" decoding=\"async\" class=\"alignnone  wp-image-9609\" src=\"https:\/\/deutsch.bashariyat.org\/wp-content\/uploads\/2025\/03\/03-08-\u0627\u0642\u0648\u0627\u0645-2.png\" alt=\"\" width=\"503\" height=\"283\" data-id=\"9609\" srcset=\"https:\/\/deutsch.bashariyat.org\/wp-content\/uploads\/2025\/03\/03-08-\u0627\u0642\u0648\u0627\u0645-2.png 1280w, https:\/\/deutsch.bashariyat.org\/wp-content\/uploads\/2025\/03\/03-08-\u0627\u0642\u0648\u0627\u0645-2-300x169.png 300w, https:\/\/deutsch.bashariyat.org\/wp-content\/uploads\/2025\/03\/03-08-\u0627\u0642\u0648\u0627\u0645-2-1024x576.png 1024w, https:\/\/deutsch.bashariyat.org\/wp-content\/uploads\/2025\/03\/03-08-\u0627\u0642\u0648\u0627\u0645-2-768x432.png 768w, https:\/\/deutsch.bashariyat.org\/wp-content\/uploads\/2025\/03\/03-08-\u0627\u0642\u0648\u0627\u0645-2-1170x658.png 1170w\" sizes=\"auto, (max-width: 503px) 100vw, 503px\" \/><\/a><\/p>\n<p>Die Instagram Live-Sitzung des Ausschusses f\u00fcr die Verteidigung der Rechte der ethnischen Gruppen und V\u00f6lker Irans am 08. M\u00e4rz 2025 um 18:00 Uhr Mitteleurop\u00e4ischer Zeit online \u00fcber Instagram Live unter der Leitung von Nasrin Jahani Golshaykh statt.<\/p>\n<p><!--more--><\/p>\n<p>Die Kollegen, die uns bei der Durchf\u00fchrung dieser Live-Sitzung unterst\u00fctzt haben, sind: Sitzungsleiterin: Nasrin Jahani Golshaykh, Rednerin: Marzieh Alikarami \u00fcber Thema: 21. M\u00e4rz, Internationaler Tag zur Beseitigung der Rassendiskriminirung, Sitzungsprotokollant: Karim Naseri, Tonaufnahme und Bearbeitung: Sina Ashjaei. Interessierte k\u00f6nnen den Audiobericht dieser Sitzung \u00fcber die folgenden Audiodateien anh\u00f6ren:<\/p>\n<p><a href=\"https:\/\/bashariyat.org\/cloudspot\/blog\/ms-music\/%d8%ac%d9%84%d8%b3%d9%87-%d8%b5%d9%88%d8%aa%db%8c-%d9%88-%d8%aa%d8%b5%d9%88%db%8c%d8%b1%db%8c-%d9%84%d8%a7%db%8c%d9%88-%d8%a7%db%8c%d9%86%d8%b3%d8%aa%d8%a7%da%af%d8%b1%d8%a7%d9%85-%da%a9%d9%85%db%8c-5\/\">Sitzungsbeginn: Nasrin Jahani Golshaykh<\/a><\/p>\n<p><a href=\"https:\/\/bashariyat.org\/cloudspot\/blog\/ms-music\/%d8%ac%d9%84%d8%b3%d9%87-%d8%b5%d9%88%d8%aa%db%8c-%d9%88-%d8%aa%d8%b5%d9%88%db%8c%d8%b1%db%8c-%d9%84%d8%a7%db%8c%d9%88-%d8%a7%db%8c%d9%86%d8%b3%d8%aa%d8%a7%da%af%d8%b1%d8%a7%d9%85-%da%a9%d9%85%db%8c-6\/\">Marzieh Alikarami: 21. M\u00e4rz, Internationaler Tag zur Beseitigung der Rassendiskriminirung<\/a><\/p>\n","protected":false},"excerpt":{"rendered":"<p>Die Instagram Live-Sitzung des Ausschusses f\u00fcr die Verteidigung der Rechte der ethnischen Gruppen und V\u00f6lker Irans am 08. M\u00e4rz 2025 um 18:00 Uhr Mitteleurop\u00e4ischer Zeit online \u00fcber Instagram Live unter der Leitung von Nasrin Jahani Golshaykh statt.<\/p><p><a class=\"more-link btn\" href=\"https:\/\/deutsch.bashariyat.org\/?p=9664\">Weiterlesen<\/a><\/p>\n","protected":false},"author":2,"featured_media":0,"comment_status":"closed","ping_status":"closed","sticky":false,"template":"","format":"standard","meta":{"footnotes":""},"categories":[11],"tags":[],"class_list":["post-9664","post","type-post","status-publish","format-standard","hentry","category-sitzungsberichte","item-wrap"],"_links":{"self":[{"href":"https:\/\/deutsch.bashariyat.org\/index.php?rest_route=\/wp\/v2\/posts\/9664","targetHints":{"allow":["GET"]}}],"collection":[{"href":"https:\/\/deutsch.bashariyat.org\/index.php?rest_route=\/wp\/v2\/posts"}],"about":[{"href":"https:\/\/deutsch.bashariyat.org\/index.php?rest_route=\/wp\/v2\/types\/post"}],"author":[{"embeddable":true,"href":"https:\/\/deutsch.bashariyat.org\/index.php?rest_route=\/wp\/v2\/users\/2"}],"replies":[{"embeddable":true,"href":"https:\/\/deutsch.bashariyat.org\/index.php?rest_route=%2Fwp%2Fv2%2Fcomments&post=9664"}],"version-history":[{"count":1,"href":"https:\/\/deutsch.bashariyat.org\/index.php?rest_route=\/wp\/v2\/posts\/9664\/revisions"}],"predecessor-version":[{"id":9665,"href":"https:\/\/deutsch.bashariyat.org\/index.php?rest_route=\/wp\/v2\/posts\/9664\/revisions\/9665"}],"wp:attachment":[{"href":"https:\/\/deutsch.bashariyat.org\/index.php?rest_route=%2Fwp%2Fv2%2Fmedia&parent=9664"}],"wp:term":[{"taxonomy":"category","embeddable":true,"href":"https:\/\/deutsch.bashariyat.org\/index.php?rest_route=%2Fwp%2Fv2%2Fcategories&post=9664"},{"taxonomy":"post_tag","embeddable":true,"href":"https:\/\/deutsch.bashariyat.org\/index.php?rest_route=%2Fwp%2Fv2%2Ftags&post=9664"}],"curies":[{"name":"wp","href":"https:\/\/api.w.org\/{rel}","templated":true}]}}