{"id":9714,"date":"2025-04-20T15:36:00","date_gmt":"2025-04-20T14:36:00","guid":{"rendered":"https:\/\/deutsch.bashariyat.org\/?p=9714"},"modified":"2025-04-20T15:36:00","modified_gmt":"2025-04-20T14:36:00","slug":"einladung-zur-sitzung-des-ausschusses-zur-verteidigung-der-rechte-der-ethnischen-gruppen-und-voelker-irans-am-07-april-2025","status":"publish","type":"post","link":"https:\/\/deutsch.bashariyat.org\/?p=9714","title":{"rendered":"Einladung zur Sitzung des Ausschusses zur Verteidigung der Rechte der ethnischen Gruppen und V\u00f6lker Irans am 07. April 2025"},"content":{"rendered":"<p style=\"text-align: center;\"><a href=\"https:\/\/deutsch.bashariyat.org\/wp-content\/uploads\/2025\/04\/04-07-\u0627\u0642\u0648\u0627\u0645.png\"><img loading=\"lazy\" decoding=\"async\" class=\"alignnone  wp-image-9715\" src=\"https:\/\/deutsch.bashariyat.org\/wp-content\/uploads\/2025\/04\/04-07-\u0627\u0642\u0648\u0627\u0645.png\" alt=\"\" width=\"499\" height=\"280\" data-id=\"9715\" srcset=\"https:\/\/deutsch.bashariyat.org\/wp-content\/uploads\/2025\/04\/04-07-\u0627\u0642\u0648\u0627\u0645.png 1280w, https:\/\/deutsch.bashariyat.org\/wp-content\/uploads\/2025\/04\/04-07-\u0627\u0642\u0648\u0627\u0645-300x169.png 300w, https:\/\/deutsch.bashariyat.org\/wp-content\/uploads\/2025\/04\/04-07-\u0627\u0642\u0648\u0627\u0645-1024x576.png 1024w, https:\/\/deutsch.bashariyat.org\/wp-content\/uploads\/2025\/04\/04-07-\u0627\u0642\u0648\u0627\u0645-768x432.png 768w, https:\/\/deutsch.bashariyat.org\/wp-content\/uploads\/2025\/04\/04-07-\u0627\u0642\u0648\u0627\u0645-1170x658.png 1170w\" sizes=\"auto, (max-width: 499px) 100vw, 499px\" \/><\/a><\/p>\n<p><strong>Aufruf:<\/strong><\/p>\n<p>Sitzung des Ausschusses zur Verteidigung der Rechte der ethnischen Gruppen und V\u00f6lker Irans<\/p>\n<p><!--more--><\/p>\n<p><strong>Gast:<\/strong> Herr Manouchehr Shafaei(Menschenrechtsaktivist)<\/p>\n<p><strong>Thema:\u00a0<\/strong>\u00dcbereinkommen \u00fcber die Verh\u00fctung und Bestrafung des V\u00f6lkermordes<\/p>\n<p>&nbsp;<\/p>\n<p><strong>Sitzungsleitung:<\/strong> Marzieh Alikarami<\/p>\n<p>&nbsp;<\/p>\n<p><strong>Sekret\u00e4r:<\/strong>\u00a0Karim Naseri<\/p>\n<p>&nbsp;<\/p>\n<p><strong>Datum:\u00a0<\/strong>am Montag den 07.April 2025 um 19 Uhr MEZ<\/p>\n<p>&nbsp;<\/p>\n<p><strong>Tagungsort:\u00a0<\/strong>Instagram (der Vereinigung zur Verteidigung der Menschenrechte im Iran)<\/p>\n","protected":false},"excerpt":{"rendered":"<p>Aufruf: Sitzung des Ausschusses zur Verteidigung der Rechte der ethnischen Gruppen und V\u00f6lker Irans<\/p><p><a class=\"more-link btn\" href=\"https:\/\/deutsch.bashariyat.org\/?p=9714\">Weiterlesen<\/a><\/p>\n","protected":false},"author":2,"featured_media":0,"comment_status":"closed","ping_status":"closed","sticky":false,"template":"","format":"standard","meta":{"footnotes":""},"categories":[75],"tags":[],"class_list":["post-9714","post","type-post","status-publish","format-standard","hentry","category-einladung","item-wrap"],"_links":{"self":[{"href":"https:\/\/deutsch.bashariyat.org\/index.php?rest_route=\/wp\/v2\/posts\/9714","targetHints":{"allow":["GET"]}}],"collection":[{"href":"https:\/\/deutsch.bashariyat.org\/index.php?rest_route=\/wp\/v2\/posts"}],"about":[{"href":"https:\/\/deutsch.bashariyat.org\/index.php?rest_route=\/wp\/v2\/types\/post"}],"author":[{"embeddable":true,"href":"https:\/\/deutsch.bashariyat.org\/index.php?rest_route=\/wp\/v2\/users\/2"}],"replies":[{"embeddable":true,"href":"https:\/\/deutsch.bashariyat.org\/index.php?rest_route=%2Fwp%2Fv2%2Fcomments&post=9714"}],"version-history":[{"count":1,"href":"https:\/\/deutsch.bashariyat.org\/index.php?rest_route=\/wp\/v2\/posts\/9714\/revisions"}],"predecessor-version":[{"id":9716,"href":"https:\/\/deutsch.bashariyat.org\/index.php?rest_route=\/wp\/v2\/posts\/9714\/revisions\/9716"}],"wp:attachment":[{"href":"https:\/\/deutsch.bashariyat.org\/index.php?rest_route=%2Fwp%2Fv2%2Fmedia&parent=9714"}],"wp:term":[{"taxonomy":"category","embeddable":true,"href":"https:\/\/deutsch.bashariyat.org\/index.php?rest_route=%2Fwp%2Fv2%2Fcategories&post=9714"},{"taxonomy":"post_tag","embeddable":true,"href":"https:\/\/deutsch.bashariyat.org\/index.php?rest_route=%2Fwp%2Fv2%2Ftags&post=9714"}],"curies":[{"name":"wp","href":"https:\/\/api.w.org\/{rel}","templated":true}]}}