{"id":9792,"date":"2025-04-27T09:35:25","date_gmt":"2025-04-27T08:35:25","guid":{"rendered":"https:\/\/deutsch.bashariyat.org\/?p=9792"},"modified":"2025-04-27T09:35:25","modified_gmt":"2025-04-27T08:35:25","slug":"der-audio-und-videobericht-der-instagram-live-sitzung-des-ausschusses-fuer-die-verteidigung-der-rechte-der-ethnischen-gruppen-und-voelker-irans-am-07-april","status":"publish","type":"post","link":"https:\/\/deutsch.bashariyat.org\/?p=9792","title":{"rendered":"Der Audio- und Videobericht der Instagram Live-Sitzung des Ausschusses f\u00fcr die Verteidigung der Rechte der ethnischen Gruppen und V\u00f6lker Irans am 07. April"},"content":{"rendered":"<p style=\"text-align: center;\"><a href=\"https:\/\/seda-tasvir.bashariyat.org\/?p=16526\"><img loading=\"lazy\" decoding=\"async\" class=\"alignnone  wp-image-9715\" src=\"https:\/\/deutsch.bashariyat.org\/wp-content\/uploads\/2025\/04\/04-07-\u0627\u0642\u0648\u0627\u0645.png\" alt=\"\" width=\"463\" height=\"260\" data-id=\"9715\" srcset=\"https:\/\/deutsch.bashariyat.org\/wp-content\/uploads\/2025\/04\/04-07-\u0627\u0642\u0648\u0627\u0645.png 1280w, https:\/\/deutsch.bashariyat.org\/wp-content\/uploads\/2025\/04\/04-07-\u0627\u0642\u0648\u0627\u0645-300x169.png 300w, https:\/\/deutsch.bashariyat.org\/wp-content\/uploads\/2025\/04\/04-07-\u0627\u0642\u0648\u0627\u0645-1024x576.png 1024w, https:\/\/deutsch.bashariyat.org\/wp-content\/uploads\/2025\/04\/04-07-\u0627\u0642\u0648\u0627\u0645-768x432.png 768w, https:\/\/deutsch.bashariyat.org\/wp-content\/uploads\/2025\/04\/04-07-\u0627\u0642\u0648\u0627\u0645-1170x658.png 1170w\" sizes=\"auto, (max-width: 463px) 100vw, 463px\" \/><\/a><\/p>\n<p>Die Instagram Live-Sitzung des Ausschusses f\u00fcr die Verteidigung der Rechte der ethnischen Gruppen und V\u00f6lker Irans am 07. April 2025 um 19:00 Uhr Mitteleurop\u00e4ischer Zeit online \u00fcber Instagram Live unter der Leitung von Marzieh Alikarami statt.<\/p>\n<p><!--more--><\/p>\n<p>&nbsp;<\/p>\n<p>Die Kollegen, die uns bei der Durchf\u00fchrung dieser Live-Sitzung unterst\u00fctzt haben, sind: Sitzungsleiterin: Marzieh Alikarami, Redner: Herr Manouchehr Shafaei \u00fcber Thema: \u00dcbereinkommen \u00fcber die Verh\u00fctung und Bestrafung des V\u00f6lkermordes, Sitzungsprotokollant: Karim Naseri, Tonaufnahme und Bearbeitung: Sina Ashjaei. Interessierte k\u00f6nnen den Audiobericht dieser Sitzung \u00fcber die folgenden Audiodateien anh\u00f6ren:<\/p>\n<p><a href=\"https:\/\/bashariyat.org\/cloudspot\/blog\/ms-music\/%d8%ac%d9%84%d8%b3%d9%87-%d8%b5%d9%88%d8%aa%db%8c-%d9%88-%d8%aa%d8%b5%d9%88%db%8c%d8%b1%db%8c-%d9%84%d8%a7%db%8c%d9%88-%d8%a7%db%8c%d9%86%d8%b3%d8%aa%d8%a7%da%af%d8%b1%d8%a7%d9%85-%da%a9%d9%85%db%8c-7\/\">Sitzungsbeginn: Marzieh Alikarami<\/a><\/p>\n<p><a href=\"https:\/\/bashariyat.org\/cloudspot\/blog\/ms-music\/%d8%ac%d9%84%d8%b3%d9%87-%d8%b5%d9%88%d8%aa%db%8c-%d9%88-%d8%aa%d8%b5%d9%88%db%8c%d8%b1%db%8c-%d9%84%d8%a7%db%8c%d9%88-%d8%a7%db%8c%d9%86%d8%b3%d8%aa%d8%a7%da%af%d8%b1%d8%a7%d9%85-%da%a9%d9%85%db%8c-8\/\">Herr Manouchehr Shafaei: \u00dcbereinkommen \u00fcber die Verh\u00fctung und Bestrafung des V\u00f6lkermordes<\/a><\/p>\n","protected":false},"excerpt":{"rendered":"<p>Die Instagram Live-Sitzung des Ausschusses f\u00fcr die Verteidigung der Rechte der ethnischen Gruppen und V\u00f6lker Irans am 07. April 2025 um 19:00 Uhr Mitteleurop\u00e4ischer Zeit online \u00fcber Instagram Live unter der Leitung von Marzieh Alikarami statt.<\/p><p><a class=\"more-link btn\" href=\"https:\/\/deutsch.bashariyat.org\/?p=9792\">Weiterlesen<\/a><\/p>\n","protected":false},"author":2,"featured_media":0,"comment_status":"closed","ping_status":"closed","sticky":false,"template":"","format":"standard","meta":{"footnotes":""},"categories":[11],"tags":[],"class_list":["post-9792","post","type-post","status-publish","format-standard","hentry","category-sitzungsberichte","item-wrap"],"_links":{"self":[{"href":"https:\/\/deutsch.bashariyat.org\/index.php?rest_route=\/wp\/v2\/posts\/9792","targetHints":{"allow":["GET"]}}],"collection":[{"href":"https:\/\/deutsch.bashariyat.org\/index.php?rest_route=\/wp\/v2\/posts"}],"about":[{"href":"https:\/\/deutsch.bashariyat.org\/index.php?rest_route=\/wp\/v2\/types\/post"}],"author":[{"embeddable":true,"href":"https:\/\/deutsch.bashariyat.org\/index.php?rest_route=\/wp\/v2\/users\/2"}],"replies":[{"embeddable":true,"href":"https:\/\/deutsch.bashariyat.org\/index.php?rest_route=%2Fwp%2Fv2%2Fcomments&post=9792"}],"version-history":[{"count":1,"href":"https:\/\/deutsch.bashariyat.org\/index.php?rest_route=\/wp\/v2\/posts\/9792\/revisions"}],"predecessor-version":[{"id":9793,"href":"https:\/\/deutsch.bashariyat.org\/index.php?rest_route=\/wp\/v2\/posts\/9792\/revisions\/9793"}],"wp:attachment":[{"href":"https:\/\/deutsch.bashariyat.org\/index.php?rest_route=%2Fwp%2Fv2%2Fmedia&parent=9792"}],"wp:term":[{"taxonomy":"category","embeddable":true,"href":"https:\/\/deutsch.bashariyat.org\/index.php?rest_route=%2Fwp%2Fv2%2Fcategories&post=9792"},{"taxonomy":"post_tag","embeddable":true,"href":"https:\/\/deutsch.bashariyat.org\/index.php?rest_route=%2Fwp%2Fv2%2Ftags&post=9792"}],"curies":[{"name":"wp","href":"https:\/\/api.w.org\/{rel}","templated":true}]}}