{"id":9794,"date":"2025-04-27T09:43:07","date_gmt":"2025-04-27T08:43:07","guid":{"rendered":"https:\/\/deutsch.bashariyat.org\/?p=9794"},"modified":"2025-04-27T09:43:07","modified_gmt":"2025-04-27T08:43:07","slug":"audio-und-videobericht-der-instagram-des-ausschusses-fuer-die-rechte-von-kindern-und-jugendlichen-am-09-april-2025","status":"publish","type":"post","link":"https:\/\/deutsch.bashariyat.org\/?p=9794","title":{"rendered":"Audio \u2013 und Videobericht der Instagram des Ausschusses f\u00fcr die Rechte von Kindern und Jugendlichen am 09. April 2025"},"content":{"rendered":"<p style=\"text-align: center;\"><a href=\"https:\/\/seda-tasvir.bashariyat.org\/?p=16534\"><img loading=\"lazy\" decoding=\"async\" class=\"alignnone  wp-image-9718\" src=\"https:\/\/deutsch.bashariyat.org\/wp-content\/uploads\/2025\/04\/04-09-\u06a9\u0648\u062f\u06a9.jpg\" alt=\"\" width=\"460\" height=\"259\" data-id=\"9718\" srcset=\"https:\/\/deutsch.bashariyat.org\/wp-content\/uploads\/2025\/04\/04-09-\u06a9\u0648\u062f\u06a9.jpg 1280w, https:\/\/deutsch.bashariyat.org\/wp-content\/uploads\/2025\/04\/04-09-\u06a9\u0648\u062f\u06a9-300x169.jpg 300w, https:\/\/deutsch.bashariyat.org\/wp-content\/uploads\/2025\/04\/04-09-\u06a9\u0648\u062f\u06a9-1024x576.jpg 1024w, https:\/\/deutsch.bashariyat.org\/wp-content\/uploads\/2025\/04\/04-09-\u06a9\u0648\u062f\u06a9-768x432.jpg 768w, https:\/\/deutsch.bashariyat.org\/wp-content\/uploads\/2025\/04\/04-09-\u06a9\u0648\u062f\u06a9-1170x658.jpg 1170w\" sizes=\"auto, (max-width: 460px) 100vw, 460px\" \/><\/a><\/p>\n<p>Die Instagram Live-Sitzung des Ausschusses f\u00fcr die Rechte von Kindern und Jugendlichen fand am 09. April 2025 um 17:00 Uhr Mitteleurop\u00e4ischer Zeit online \u00fcber Instagram-Live unter der Leitung von Parvin Mohammadi Afgha statt.<\/p>\n<p><!--more--><\/p>\n<p>&nbsp;<\/p>\n<p>Die Kollegen, die uns bei der Durchf\u00fchrung dieser Live-Sitzung unterst\u00fctzt haben, sind: Sitzungsleiterin: Parvin Mohammadi Afgha, Sitzungsprotokollantin: Aylin Aliverdi Luei und Tonaufnahme und Bearbeitung: Salman Ghorbani.<\/p>\n<p>Interessierte k\u00f6nnen den Audiobericht dieser Sitzung \u00fcber die folgenden Audiodateien anh\u00f6ren:<\/p>\n<p><a href=\"https:\/\/bashariyat.org\/cloudspot\/blog\/ms-music\/%d8%ac%d9%84%d8%b3%d9%87-%d8%b5%d9%88%d8%aa%db%8c-%d9%88-%d8%aa%d8%b5%d9%88%db%8c%d8%b1%db%8c-%d9%84%d8%a7%db%8c%d9%88-%d8%a7%db%8c%d9%86%d8%b3%d8%aa%d8%a7%da%af%d8%b1%d8%a7%d9%85-%da%a9%d9%85%db%8c-9\/\">Sitzungsbeginn: Parvin Mohammadi Afgha<\/a><\/p>\n<p><a href=\"https:\/\/bashariyat.org\/cloudspot\/blog\/ms-music\/%d8%ac%d9%84%d8%b3%d9%87-%d8%b5%d9%88%d8%aa%db%8c-%d9%88-%d8%aa%d8%b5%d9%88%db%8c%d8%b1%db%8c-%d9%84%d8%a7%db%8c%d9%88-%d8%a7%db%8c%d9%86%d8%b3%d8%aa%d8%a7%da%af%d8%b1%d8%a7%d9%85-%da%a9%d9%85-10\/\">Fatemeh Motaghedi: Die negativen Auswirkungen relig\u00f6ser Pflichten auf Kinder, wenn sie aufgezwungen werden<\/a><\/p>\n","protected":false},"excerpt":{"rendered":"<p>Die Instagram Live-Sitzung des Ausschusses f\u00fcr die Rechte von Kindern und Jugendlichen fand am 09. April 2025 um 17:00 Uhr Mitteleurop\u00e4ischer Zeit online \u00fcber Instagram-Live unter der Leitung von Parvin Mohammadi Afgha statt.<\/p><p><a class=\"more-link btn\" href=\"https:\/\/deutsch.bashariyat.org\/?p=9794\">Weiterlesen<\/a><\/p>\n","protected":false},"author":2,"featured_media":0,"comment_status":"closed","ping_status":"closed","sticky":false,"template":"","format":"standard","meta":{"footnotes":""},"categories":[11],"tags":[],"class_list":["post-9794","post","type-post","status-publish","format-standard","hentry","category-sitzungsberichte","item-wrap"],"_links":{"self":[{"href":"https:\/\/deutsch.bashariyat.org\/index.php?rest_route=\/wp\/v2\/posts\/9794","targetHints":{"allow":["GET"]}}],"collection":[{"href":"https:\/\/deutsch.bashariyat.org\/index.php?rest_route=\/wp\/v2\/posts"}],"about":[{"href":"https:\/\/deutsch.bashariyat.org\/index.php?rest_route=\/wp\/v2\/types\/post"}],"author":[{"embeddable":true,"href":"https:\/\/deutsch.bashariyat.org\/index.php?rest_route=\/wp\/v2\/users\/2"}],"replies":[{"embeddable":true,"href":"https:\/\/deutsch.bashariyat.org\/index.php?rest_route=%2Fwp%2Fv2%2Fcomments&post=9794"}],"version-history":[{"count":1,"href":"https:\/\/deutsch.bashariyat.org\/index.php?rest_route=\/wp\/v2\/posts\/9794\/revisions"}],"predecessor-version":[{"id":9795,"href":"https:\/\/deutsch.bashariyat.org\/index.php?rest_route=\/wp\/v2\/posts\/9794\/revisions\/9795"}],"wp:attachment":[{"href":"https:\/\/deutsch.bashariyat.org\/index.php?rest_route=%2Fwp%2Fv2%2Fmedia&parent=9794"}],"wp:term":[{"taxonomy":"category","embeddable":true,"href":"https:\/\/deutsch.bashariyat.org\/index.php?rest_route=%2Fwp%2Fv2%2Fcategories&post=9794"},{"taxonomy":"post_tag","embeddable":true,"href":"https:\/\/deutsch.bashariyat.org\/index.php?rest_route=%2Fwp%2Fv2%2Ftags&post=9794"}],"curies":[{"name":"wp","href":"https:\/\/api.w.org\/{rel}","templated":true}]}}