{"id":9843,"date":"2025-05-01T08:48:46","date_gmt":"2025-05-01T07:48:46","guid":{"rendered":"https:\/\/deutsch.bashariyat.org\/?p=9843"},"modified":"2025-05-01T08:49:15","modified_gmt":"2025-05-01T07:49:15","slug":"in-stiller-trauer-um-die-opfer-der-explotion-in-bandar-abbas","status":"publish","type":"post","link":"https:\/\/deutsch.bashariyat.org\/?p=9843","title":{"rendered":"In stiller Trauer um die Opfer der Explotion in Bandar Abbas"},"content":{"rendered":"<p style=\"text-align: center;\"><a href=\"https:\/\/deutsch.bashariyat.org\/wp-content\/uploads\/2025\/05\/\u062a\u0633\u0644\u06cc\u062a-\u0628\u0646\u062f\u0631\u0639\u0628\u0627\u0633.jpg\"><img loading=\"lazy\" decoding=\"async\" class=\"alignnone  wp-image-9844\" src=\"https:\/\/deutsch.bashariyat.org\/wp-content\/uploads\/2025\/05\/\u062a\u0633\u0644\u06cc\u062a-\u0628\u0646\u062f\u0631\u0639\u0628\u0627\u0633.jpg\" alt=\"\" width=\"591\" height=\"332\" data-id=\"9844\" srcset=\"https:\/\/deutsch.bashariyat.org\/wp-content\/uploads\/2025\/05\/\u062a\u0633\u0644\u06cc\u062a-\u0628\u0646\u062f\u0631\u0639\u0628\u0627\u0633.jpg 1280w, https:\/\/deutsch.bashariyat.org\/wp-content\/uploads\/2025\/05\/\u062a\u0633\u0644\u06cc\u062a-\u0628\u0646\u062f\u0631\u0639\u0628\u0627\u0633-300x169.jpg 300w, https:\/\/deutsch.bashariyat.org\/wp-content\/uploads\/2025\/05\/\u062a\u0633\u0644\u06cc\u062a-\u0628\u0646\u062f\u0631\u0639\u0628\u0627\u0633-1024x576.jpg 1024w, https:\/\/deutsch.bashariyat.org\/wp-content\/uploads\/2025\/05\/\u062a\u0633\u0644\u06cc\u062a-\u0628\u0646\u062f\u0631\u0639\u0628\u0627\u0633-768x432.jpg 768w, https:\/\/deutsch.bashariyat.org\/wp-content\/uploads\/2025\/05\/\u062a\u0633\u0644\u06cc\u062a-\u0628\u0646\u062f\u0631\u0639\u0628\u0627\u0633-1170x658.jpg 1170w\" sizes=\"auto, (max-width: 591px) 100vw, 591px\" \/><\/a><\/p>\n<p><!--more--><\/p>\n<p>Nach mehreren aufeinananderfolgenden Explotionen und einem gro\u00dffl\u00e4chigen Brand in Bandar Abbas wurde \u00fcber tausend Menschen verletzt und mehrere unserer Landsleute kamen ums Leben.<\/p>\n<p>&nbsp;<\/p>\n<p>Verein zur Verteidigung der Menschenrechte im Iran<\/p>\n<p>Presseabteilung<\/p>\n","protected":false},"excerpt":{"rendered":"","protected":false},"author":2,"featured_media":0,"comment_status":"closed","ping_status":"closed","sticky":false,"template":"","format":"standard","meta":{"footnotes":""},"categories":[1],"tags":[],"class_list":["post-9843","post","type-post","status-publish","format-standard","hentry","category-allgemein","item-wrap"],"_links":{"self":[{"href":"https:\/\/deutsch.bashariyat.org\/index.php?rest_route=\/wp\/v2\/posts\/9843","targetHints":{"allow":["GET"]}}],"collection":[{"href":"https:\/\/deutsch.bashariyat.org\/index.php?rest_route=\/wp\/v2\/posts"}],"about":[{"href":"https:\/\/deutsch.bashariyat.org\/index.php?rest_route=\/wp\/v2\/types\/post"}],"author":[{"embeddable":true,"href":"https:\/\/deutsch.bashariyat.org\/index.php?rest_route=\/wp\/v2\/users\/2"}],"replies":[{"embeddable":true,"href":"https:\/\/deutsch.bashariyat.org\/index.php?rest_route=%2Fwp%2Fv2%2Fcomments&post=9843"}],"version-history":[{"count":2,"href":"https:\/\/deutsch.bashariyat.org\/index.php?rest_route=\/wp\/v2\/posts\/9843\/revisions"}],"predecessor-version":[{"id":9846,"href":"https:\/\/deutsch.bashariyat.org\/index.php?rest_route=\/wp\/v2\/posts\/9843\/revisions\/9846"}],"wp:attachment":[{"href":"https:\/\/deutsch.bashariyat.org\/index.php?rest_route=%2Fwp%2Fv2%2Fmedia&parent=9843"}],"wp:term":[{"taxonomy":"category","embeddable":true,"href":"https:\/\/deutsch.bashariyat.org\/index.php?rest_route=%2Fwp%2Fv2%2Fcategories&post=9843"},{"taxonomy":"post_tag","embeddable":true,"href":"https:\/\/deutsch.bashariyat.org\/index.php?rest_route=%2Fwp%2Fv2%2Ftags&post=9843"}],"curies":[{"name":"wp","href":"https:\/\/api.w.org\/{rel}","templated":true}]}}