{"id":9919,"date":"2025-05-25T11:01:14","date_gmt":"2025-05-25T10:01:14","guid":{"rendered":"https:\/\/deutsch.bashariyat.org\/?p=9919"},"modified":"2025-05-25T11:01:14","modified_gmt":"2025-05-25T10:01:14","slug":"der-audiobericht-der-instagram-live-sitzung-des-ausschusses-fuer-die-verteidigung-der-rechte-der-ethnischen-gruppen-und-voelker-irans-am-10-mai","status":"publish","type":"post","link":"https:\/\/deutsch.bashariyat.org\/?p=9919","title":{"rendered":"Der Audiobericht der Instagram Live-Sitzung des Ausschusses f\u00fcr die Verteidigung der Rechte der ethnischen Gruppen und V\u00f6lker Irans am 10. Mai"},"content":{"rendered":"<p style=\"text-align: center;\"><a href=\"https:\/\/deutsch.bashariyat.org\/wp-content\/uploads\/2025\/05\/05-10-\u0627\u0642\u0648\u0627\u0645.jpg\"><img loading=\"lazy\" decoding=\"async\" class=\"alignnone  wp-image-9878\" src=\"https:\/\/deutsch.bashariyat.org\/wp-content\/uploads\/2025\/05\/05-10-\u0627\u0642\u0648\u0627\u0645.jpg\" alt=\"\" width=\"485\" height=\"273\" data-id=\"9878\" srcset=\"https:\/\/deutsch.bashariyat.org\/wp-content\/uploads\/2025\/05\/05-10-\u0627\u0642\u0648\u0627\u0645.jpg 1280w, https:\/\/deutsch.bashariyat.org\/wp-content\/uploads\/2025\/05\/05-10-\u0627\u0642\u0648\u0627\u0645-300x169.jpg 300w, https:\/\/deutsch.bashariyat.org\/wp-content\/uploads\/2025\/05\/05-10-\u0627\u0642\u0648\u0627\u0645-1024x576.jpg 1024w, https:\/\/deutsch.bashariyat.org\/wp-content\/uploads\/2025\/05\/05-10-\u0627\u0642\u0648\u0627\u0645-768x432.jpg 768w, https:\/\/deutsch.bashariyat.org\/wp-content\/uploads\/2025\/05\/05-10-\u0627\u0642\u0648\u0627\u0645-1170x658.jpg 1170w\" sizes=\"auto, (max-width: 485px) 100vw, 485px\" \/><\/a><\/p>\n<p>Die Instagram Live-Sitzung des Ausschusses f\u00fcr die Verteidigung der Rechte der ethnischen Gruppen und V\u00f6lker Irans am 10. Mai 2025 um 20:00 Uhr Mitteleurop\u00e4ischer Zeit online \u00fcber Instagram Live unter der Leitung von Marzieh Alikarami statt.<\/p>\n<p><!--more--><\/p>\n<p>Die Kollegen, die uns bei der Durchf\u00fchrung dieser Live-Sitzung unterst\u00fctzt haben, sind: Sitzungsleiterin: Marzieh Alikarami, Redner: Hossein Amjadi \u00fcber Thema: Internationaler Tag der Familie (h\u00e4usliche Gewalt im Iran), Sitzungsprotokollant: Parvin Mohammadi Afgha, Tonaufnahme und Bearbeitung: Sina Ashjaei. Interessierte k\u00f6nnen den Audiobericht dieser Sitzung \u00fcber die folgenden Audiodateien anh\u00f6ren:<\/p>\n<p><a href=\"https:\/\/bashariyat.org\/cloudspot\/blog\/ms-music\/%d8%ac%d9%84%d8%b3%d9%87-%d8%b5%d9%88%d8%aa%db%8c-%d9%84%d8%a7%db%8c%d9%88-%d8%a7%db%8c%d9%86%d8%b3%d8%aa%d8%a7%da%af%d8%b1%d8%a7%d9%85-%da%a9%d9%85%db%8c%d8%aa%d9%87-%d8%af%d9%81%d8%a7%d8%b9-%d8%a7-3\/\">Sitzungsbeginn: Marzieh Alikarami<\/a><\/p>\n<p><a href=\"https:\/\/bashariyat.org\/cloudspot\/blog\/ms-music\/%d8%ac%d9%84%d8%b3%d9%87-%d8%b5%d9%88%d8%aa%db%8c-%d9%84%d8%a7%db%8c%d9%88-%d8%a7%db%8c%d9%86%d8%b3%d8%aa%d8%a7%da%af%d8%b1%d8%a7%d9%85-%da%a9%d9%85%db%8c%d8%aa%d9%87-%d8%af%d9%81%d8%a7%d8%b9-%d8%a7-4\/\">Hossein Amjadi: Internationaler Tag der Familie (h\u00e4usliche Gewalt im Iran)<\/a><\/p>\n","protected":false},"excerpt":{"rendered":"<p>Die Instagram Live-Sitzung des Ausschusses f\u00fcr die Verteidigung der Rechte der ethnischen Gruppen und V\u00f6lker Irans am 10. Mai 2025 um 20:00 Uhr Mitteleurop\u00e4ischer Zeit online \u00fcber Instagram Live unter der Leitung von Marzieh Alikarami statt.<\/p><p><a class=\"more-link btn\" href=\"https:\/\/deutsch.bashariyat.org\/?p=9919\">Weiterlesen<\/a><\/p>\n","protected":false},"author":2,"featured_media":0,"comment_status":"closed","ping_status":"closed","sticky":false,"template":"","format":"standard","meta":{"footnotes":""},"categories":[11],"tags":[],"class_list":["post-9919","post","type-post","status-publish","format-standard","hentry","category-sitzungsberichte","item-wrap"],"_links":{"self":[{"href":"https:\/\/deutsch.bashariyat.org\/index.php?rest_route=\/wp\/v2\/posts\/9919","targetHints":{"allow":["GET"]}}],"collection":[{"href":"https:\/\/deutsch.bashariyat.org\/index.php?rest_route=\/wp\/v2\/posts"}],"about":[{"href":"https:\/\/deutsch.bashariyat.org\/index.php?rest_route=\/wp\/v2\/types\/post"}],"author":[{"embeddable":true,"href":"https:\/\/deutsch.bashariyat.org\/index.php?rest_route=\/wp\/v2\/users\/2"}],"replies":[{"embeddable":true,"href":"https:\/\/deutsch.bashariyat.org\/index.php?rest_route=%2Fwp%2Fv2%2Fcomments&post=9919"}],"version-history":[{"count":1,"href":"https:\/\/deutsch.bashariyat.org\/index.php?rest_route=\/wp\/v2\/posts\/9919\/revisions"}],"predecessor-version":[{"id":9920,"href":"https:\/\/deutsch.bashariyat.org\/index.php?rest_route=\/wp\/v2\/posts\/9919\/revisions\/9920"}],"wp:attachment":[{"href":"https:\/\/deutsch.bashariyat.org\/index.php?rest_route=%2Fwp%2Fv2%2Fmedia&parent=9919"}],"wp:term":[{"taxonomy":"category","embeddable":true,"href":"https:\/\/deutsch.bashariyat.org\/index.php?rest_route=%2Fwp%2Fv2%2Fcategories&post=9919"},{"taxonomy":"post_tag","embeddable":true,"href":"https:\/\/deutsch.bashariyat.org\/index.php?rest_route=%2Fwp%2Fv2%2Ftags&post=9919"}],"curies":[{"name":"wp","href":"https:\/\/api.w.org\/{rel}","templated":true}]}}