{"id":9925,"date":"2025-05-25T10:39:45","date_gmt":"2025-05-25T09:39:45","guid":{"rendered":"https:\/\/deutsch.bashariyat.org\/?p=9925"},"modified":"2025-05-25T11:49:57","modified_gmt":"2025-05-25T10:49:57","slug":"audio-und-videobericht-der-instagram-des-ausschusses-fuer-die-rechte-von-kindern-und-jugendlichen-am-24-april-2025","status":"publish","type":"post","link":"https:\/\/deutsch.bashariyat.org\/?p=9925","title":{"rendered":"Audio \u2013 und Videobericht der Instagram des Ausschusses f\u00fcr die Rechte von Kindern und Jugendlichen am 24. April 2025"},"content":{"rendered":"<p style=\"text-align: center;\"><a href=\"https:\/\/youtu.be\/AqdizV0V5k4\"><img loading=\"lazy\" decoding=\"async\" class=\"alignnone  wp-image-9745\" src=\"https:\/\/deutsch.bashariyat.org\/wp-content\/uploads\/2025\/04\/04-24-\u06a9\u0648\u062f\u06a9.png\" alt=\"\" width=\"471\" height=\"265\" data-id=\"9745\" srcset=\"https:\/\/deutsch.bashariyat.org\/wp-content\/uploads\/2025\/04\/04-24-\u06a9\u0648\u062f\u06a9.png 1280w, https:\/\/deutsch.bashariyat.org\/wp-content\/uploads\/2025\/04\/04-24-\u06a9\u0648\u062f\u06a9-300x169.png 300w, https:\/\/deutsch.bashariyat.org\/wp-content\/uploads\/2025\/04\/04-24-\u06a9\u0648\u062f\u06a9-1024x576.png 1024w, https:\/\/deutsch.bashariyat.org\/wp-content\/uploads\/2025\/04\/04-24-\u06a9\u0648\u062f\u06a9-768x432.png 768w, https:\/\/deutsch.bashariyat.org\/wp-content\/uploads\/2025\/04\/04-24-\u06a9\u0648\u062f\u06a9-1170x658.png 1170w\" sizes=\"auto, (max-width: 471px) 100vw, 471px\" \/><\/a><\/p>\n<p>Die Sondersitzung des Komitees zur Verteidigung der Rechte von Kindern und Jugendlichen fand am 24. April 2025 um 17:00 Uhr mitteleurop\u00e4ischer Zeit mit der Teilnahme einer Reihe von Menschenrechtsaktivist*innen und weiteren G\u00e4sten virtuell \u00fcber Zoom, YouTube und die Kanun-App unter der Leitung von Frau Aylin Aliverdi-Luei statt.<\/p>\n<p><!--more--><\/p>\n<p>Die Rednerinnen der Sitzung waren:<\/p>\n<p>1. Fatemeh Schadid \u2013 Thema: Fasten von Kindern<\/p>\n<p>2. Fatemeh Mo\u2019taghedi \u2013 Thema: M\u00e4dchenbeschneidung<\/p>\n<p>3. Offene Diskussion: Das Recht des Kindes auf Wahrung der pers\u00f6nlichen Identit\u00e4t<br \/>\n\u2013 Mitwirkende: Marziyeh Mo\u2019azami, Sonia Savarkoob, Maziar Parvizi, Nasrin Jahani Golsheykh, Farjoud Taghipour, Parvin Mohammadi Afgha<\/p>\n<p>Folgende Personen haben zur Organisation der Sitzung beigetragen:<br \/>\n\u2022 Protokollf\u00fchrerin: Sonia Savarko0b<br \/>\n\u2022 Tonaufnahme und Schnitt: Masoumeh Karimi<br \/>\n\u2022 Admin: Parvin Mohammadi Afgha<\/p>\n<p>Interessierte k\u00f6nnen die Audioberichte dieser Sitzung \u00fcber die untenstehenden Audiodateien anh\u00f6ren.<br \/>\nDas Video der Sitzung ist \u00fcber den folgenden Link auf dem YouTube-Kanal \u201eBashariyat\u201c verf\u00fcgbar.<\/p>\n<p><a href=\"https:\/\/bashariyat.org\/cloudspot\/blog\/ms-music\/%da%af%d8%b2%d8%a7%d8%b1%d8%b4-%d8%b5%d9%88%d8%aa%db%8c-%d9%88-%d8%aa%d8%b5%d9%88%db%8c%d8%b1%db%8c-%d8%ac%d9%84%d8%b3%d9%87-%d9%88%db%8c%da%98%d9%87-%da%a9%d9%85%db%8c%d8%aa%d9%87-%d8%af%d9%81-22\/\">Sitzungsbeginn: Aylin Aliverdi-Luei<\/a><\/p>\n<p><a href=\"https:\/\/bashariyat.org\/cloudspot\/blog\/ms-music\/%da%af%d8%b2%d8%a7%d8%b1%d8%b4-%d8%b5%d9%88%d8%aa%db%8c-%d9%88-%d8%aa%d8%b5%d9%88%db%8c%d8%b1%db%8c-%d8%ac%d9%84%d8%b3%d9%87-%d9%88%db%8c%da%98%d9%87-%da%a9%d9%85%db%8c%d8%aa%d9%87-%d8%af%d9%81-23\/\">Fatemeh Schadid: Fasten von Kindern<\/a><\/p>\n<p><a href=\"https:\/\/bashariyat.org\/cloudspot\/blog\/ms-music\/%da%af%d8%b2%d8%a7%d8%b1%d8%b4-%d8%b5%d9%88%d8%aa%db%8c-%d9%88-%d8%aa%d8%b5%d9%88%db%8c%d8%b1%db%8c-%d8%ac%d9%84%d8%b3%d9%87-%d9%88%db%8c%da%98%d9%87-%da%a9%d9%85%db%8c%d8%aa%d9%87-%d8%af%d9%81-24\/\">Fatemeh Mo\u2019taghedi: M\u00e4dchenbeschneidung<\/a><\/p>\n<p><a href=\"https:\/\/bashariyat.org\/cloudspot\/blog\/ms-music\/%da%af%d8%b2%d8%a7%d8%b1%d8%b4-%d8%b5%d9%88%d8%aa%db%8c-%d9%88-%d8%aa%d8%b5%d9%88%db%8c%d8%b1%db%8c-%d8%ac%d9%84%d8%b3%d9%87-%d9%88%db%8c%da%98%d9%87-%da%a9%d9%85%db%8c%d8%aa%d9%87-%d8%af%d9%81-25\/\">Offene Diskussion: Das Recht des Kindes auf Wahrung der pers\u00f6nlichen Identit\u00e4t<\/a><\/p>\n","protected":false},"excerpt":{"rendered":"<p>Die Sondersitzung des Komitees zur Verteidigung der Rechte von Kindern und Jugendlichen fand am 24. April 2025 um 17:00 Uhr mitteleurop\u00e4ischer Zeit mit der Teilnahme einer Reihe von Menschenrechtsaktivist*innen und weiteren G\u00e4sten virtuell \u00fcber Zoom, YouTube und die Kanun-App unter der Leitung von Frau Aylin Aliverdi-Luei statt.<\/p><p><a class=\"more-link btn\" href=\"https:\/\/deutsch.bashariyat.org\/?p=9925\">Weiterlesen<\/a><\/p>\n","protected":false},"author":2,"featured_media":0,"comment_status":"closed","ping_status":"closed","sticky":false,"template":"","format":"standard","meta":{"footnotes":""},"categories":[11],"tags":[],"class_list":["post-9925","post","type-post","status-publish","format-standard","hentry","category-sitzungsberichte","item-wrap"],"_links":{"self":[{"href":"https:\/\/deutsch.bashariyat.org\/index.php?rest_route=\/wp\/v2\/posts\/9925","targetHints":{"allow":["GET"]}}],"collection":[{"href":"https:\/\/deutsch.bashariyat.org\/index.php?rest_route=\/wp\/v2\/posts"}],"about":[{"href":"https:\/\/deutsch.bashariyat.org\/index.php?rest_route=\/wp\/v2\/types\/post"}],"author":[{"embeddable":true,"href":"https:\/\/deutsch.bashariyat.org\/index.php?rest_route=\/wp\/v2\/users\/2"}],"replies":[{"embeddable":true,"href":"https:\/\/deutsch.bashariyat.org\/index.php?rest_route=%2Fwp%2Fv2%2Fcomments&post=9925"}],"version-history":[{"count":1,"href":"https:\/\/deutsch.bashariyat.org\/index.php?rest_route=\/wp\/v2\/posts\/9925\/revisions"}],"predecessor-version":[{"id":9926,"href":"https:\/\/deutsch.bashariyat.org\/index.php?rest_route=\/wp\/v2\/posts\/9925\/revisions\/9926"}],"wp:attachment":[{"href":"https:\/\/deutsch.bashariyat.org\/index.php?rest_route=%2Fwp%2Fv2%2Fmedia&parent=9925"}],"wp:term":[{"taxonomy":"category","embeddable":true,"href":"https:\/\/deutsch.bashariyat.org\/index.php?rest_route=%2Fwp%2Fv2%2Fcategories&post=9925"},{"taxonomy":"post_tag","embeddable":true,"href":"https:\/\/deutsch.bashariyat.org\/index.php?rest_route=%2Fwp%2Fv2%2Ftags&post=9925"}],"curies":[{"name":"wp","href":"https:\/\/api.w.org\/{rel}","templated":true}]}}